{"id":17274,"date":"2018-08-27T17:51:20","date_gmt":"2018-08-27T15:51:20","guid":{"rendered":"https:\/\/shqiptari.net\/?p=17274"},"modified":"2020-10-08T09:29:55","modified_gmt":"2020-10-08T09:29:55","slug":"lalbanese-replica-con-ministro-salvini-sullalbania-e-sappiamo-bene-anche-come-la-pensa-su-di-noi","status":"publish","type":"post","link":"https:\/\/kohanews.al\/?p=17274","title":{"rendered":"L\u2019albanese replica con Matteo Salvini sull\u2019Albania: E sappiamo bene anche come la pensa su di noi:"},"content":{"rendered":"<p><strong>Di Sonila Allushi<\/strong><\/p>\n<p>L\u2019Albania si \u00e8 mostrata solidale a questo Paese non a lei Signor Ministro. L\u2019Albania \u00e8 un popolo di migranti, \u00e8 un popolo generoso e ospitale nonostante ancora povero. E sopratutto l\u2019Albania non dimentica di essere stata aiutata dai suoi vicini italiani, ma non dimentica anche le sue dichiarazioni disprezzanti come questa nella foto. O le becere frasi dei suoi seguaci scritte nei muri della Lombardia come ad esempio: \u201cAlbanesi tutti appesi!\u201d Oh no, noi non dimentichiamo la dichiarazione della vostra deputata (ai tempi Lega Nord) e allora Presidente della Camera, Irene Pivetti, che senza il minimo pudore e sensibilit\u00e0, disse che gli albanesi ANDAVANO BUTTATI A MARE!<\/p>\n<p>E a mare ci finimmo davvero pochi giorni dopo: si chiamava Kat\u00ebr i Rad\u00ebs quella piccola nave affondata a Otranto. Ci morirono 81 di noi tra bambini, donne, uomini giovani e vecchi. Chiamarono quel naufragio \u201cLa Tragedia del Venerd\u00ec Santo\u201d (28 Marzo 1997). Piangemmo quei morti da nord a sud e un intero Paese si vestii di nero. Ma poi i barconi ripartirono, era questione di sopravvivenza e lei lo sa bene anche se fa finta di non sapere.<\/p>\n<p>Lei fa finta di non capire perch\u00e9 la gente lascia casa e rischia la vita in mare. Lei fa finta Ministro, fa finta su molte cose, anche sul fatto che il pi\u00f9 grande problema di questo Paese, a sentir lei, sembra siano gli immigrati. Non abbiamo avuto il tempo di asciugarci le lacrime per i morti di Genova e Civita, che ecco che arriva lei con le sue crudeli decisioni per farci piangere e vergognare di altre vittime!<\/p>\n<p>Non siamo riusciti a consumare qualche giorno di lutto per quelle perdite e capirci qualcosa sulle responsabilit\u00e0 di quel crollo, che ecco che rispuntano le sue lagne puntando il dito solo verso gli immigrati! Per non parlare della fuga dei capitali, della disoccupazione, della Mafia, del degrado sociale, della povert\u00e0 in crescita, ecc. Tutto in ombra!<\/p>\n<p>Oggi dice nei suoi comizi, quelli dove i suoi fan si divertono con il suo triste sarcasmo, che l\u2019Albania si \u00e8 comportata meglio della Francia!! Suvvia Ministro, sappiamo bene che la Francia non si far\u00e0 il minimo problema per questo suo ridicolo paragone. E sappiamo bene anche come la pensa su di noi: fosse stato per lei e i suoi, noi albanesi non saremmo stati accolti allora e non saremmo ben accettati nemmeno oggi.<\/p>\n<p>L\u2019Albania, posizionandosi al fianco dell\u2019Italia, si \u00e8 dimostrata riconoscente e generosa perch\u00e9 questo Paese se lo merita e questo Paese non \u00e8 rappresentato solo da lei.<\/p>\n<p>Non usi questo bel gesto a suo favore personale, non ci tratti da stupidi. Grazie!<\/p>\n","protected":false},"excerpt":{"rendered":"<p>Di Sonila Allushi L\u2019Albania si \u00e8 mostrata solidale a questo Paese non a lei Signor Ministro. L\u2019Albania \u00e8 un popolo di migranti, \u00e8 un popolo generoso e ospitale nonostante ancora povero. E sopratutto l\u2019Albania non dimentica di essere stata aiutata dai suoi vicini italiani, ma non dimentica anche le sue dichiarazioni disprezzanti come questa nella [&hellip;]<\/p>\n","protected":false},"author":1,"featured_media":0,"comment_status":"open","ping_status":"open","sticky":false,"template":"","format":"standard","meta":{"jnews-multi-image_gallery":[],"jnews_single_post":[],"jnews_primary_category":[],"footnotes":""},"categories":[1],"tags":[],"class_list":["post-17274","post","type-post","status-publish","format-standard","hentry","category-news"],"_links":{"self":[{"href":"https:\/\/kohanews.al\/index.php?rest_route=\/wp\/v2\/posts\/17274","targetHints":{"allow":["GET"]}}],"collection":[{"href":"https:\/\/kohanews.al\/index.php?rest_route=\/wp\/v2\/posts"}],"about":[{"href":"https:\/\/kohanews.al\/index.php?rest_route=\/wp\/v2\/types\/post"}],"author":[{"embeddable":true,"href":"https:\/\/kohanews.al\/index.php?rest_route=\/wp\/v2\/users\/1"}],"replies":[{"embeddable":true,"href":"https:\/\/kohanews.al\/index.php?rest_route=%2Fwp%2Fv2%2Fcomments&post=17274"}],"version-history":[{"count":1,"href":"https:\/\/kohanews.al\/index.php?rest_route=\/wp\/v2\/posts\/17274\/revisions"}],"predecessor-version":[{"id":28850,"href":"https:\/\/kohanews.al\/index.php?rest_route=\/wp\/v2\/posts\/17274\/revisions\/28850"}],"wp:attachment":[{"href":"https:\/\/kohanews.al\/index.php?rest_route=%2Fwp%2Fv2%2Fmedia&parent=17274"}],"wp:term":[{"taxonomy":"category","embeddable":true,"href":"https:\/\/kohanews.al\/index.php?rest_route=%2Fwp%2Fv2%2Fcategories&post=17274"},{"taxonomy":"post_tag","embeddable":true,"href":"https:\/\/kohanews.al\/index.php?rest_route=%2Fwp%2Fv2%2Ftags&post=17274"}],"curies":[{"name":"wp","href":"https:\/\/api.w.org\/{rel}","templated":true}]}}