{"id":2620,"date":"2015-02-19T12:35:09","date_gmt":"2015-02-19T11:35:09","guid":{"rendered":"http:\/\/shqiptari.net\/\/?p=2620"},"modified":"2015-02-19T12:35:09","modified_gmt":"2015-02-19T11:35:09","slug":"il-premier-albanese-chiama-gli-italiani-e-il-paese-giusto-per-voi","status":"publish","type":"post","link":"https:\/\/kohanews.al\/?p=2620","title":{"rendered":"Il premier albanese chiama gli italiani: \u00e9 il Paese giusto per voi"},"content":{"rendered":"<h4>L\u2019ex cestista Edi Rama: \u00abL\u2019Italia \u00e8 sempre l\u2019Italia. Non \u00e8 quella di 25 anni fa, ma per noi albanesi resta ancora un obiettivo per molte cose, a partire dall\u2019istruzione di qualit\u00e0<\/h4>\n<p>Un viaggio di poche ore a Milano. Prima per rispondere alle domande del Corriere della Sera. Poi a quelle di Daria Bignardi alla trasmissione de La7 \u201cLe Invasioni Barbariche\u201d. Il primo ministro albanese Edi Rama \u2013 50 anni, ex cestista (\u00e8 alto poco meno di due metri), artista (meglio: pittore), ex sindaco di Tirana (dal 2000 al 2011) e leader del Partito socialista \u2013 ha parlato di tutto, dalla minaccia del radicalismo islamico alle tensioni con Mosca, dall\u2019Unione europea alla politica italiana. Senza mancare di sottolineare le sintonie con il presidente del Consiglio Matteo Renzi.<\/p>\n<p><a href=\"http:\/\/shqiptari.net\/\/wp-content\/uploads\/2015\/02\/edi-rama.jpg\"><img fetchpriority=\"high\" decoding=\"async\" class=\" size-medium wp-image-2621 alignright\" src=\"http:\/\/shqiptari.net\/\/wp-content\/uploads\/2015\/02\/edi-rama-300x225.jpg\" alt=\"edi rama\" width=\"300\" height=\"225\" \/><\/a><strong>Primo ministro Edi Rama l\u2019Europa \u00e8 spaventata dall\u2019avanza di Isis. Come se ne esce da questo contesto di crisi?<\/strong><br \/>\n\u00abContro il radicalismo islamico ci sono diverse risposte. Da un lato serve una battaglia senza sconti, dall\u2019altro bisogna rafforzare l\u2019Europa, senza cadere nella trappola della divisione, senza chiudersi: ogni chiusura che viene dalla paura non rafforza la posizione comune verso questo nemico molto particolare che \u00e8 come un\u2019epidemia. Quello che succede agli ostaggi non \u00e8 una barbarie lontano da noi, succede a casa nostra: siamo tutti minacciati. Ma la risposta deve essere un\u2019Europa della speranza, non della paura\u00bb.<\/p>\n<p><iframe src=\"http:\/\/video.corriere.it\/video-embed\/da96aa70-b7c1-11e4-bef5-103489912308\" width=\"600\" height=\"360\" frameborder=\"no\" scrolling=\"no\"><\/iframe><\/p>\n<p><strong>Per combattere Isis serve l\u2019intervento militare?<\/strong><br \/>\n\u00abQuel che si \u00e8 fatto finora \u00e8 giusto e bisogna continuare a farlo: loro minacciano la nostra civilt\u00e0. Ma su questo bisogna risolvere il grande problema di quelli che, per un tornaconto politico personale, cercano di dividere e non di unire, dicono alla gente che il problema sono i musulmani. \u00c8 un approccio fa il gioco del nostro nemico comune\u00bb.<\/p>\n<p><strong>L\u2019Europa deve affrontare un\u2019altra crisi: quella con la Russia\u2026<\/strong><br \/>\n\u00abNon \u00e8 una sfida facile perch\u00e9 oggi abbiamo a che fare con un\u2019Europa della paura, un progetto incompiuto, senza una leadership e senza coraggio. Un progetto inciampato davanti a difficolt\u00e0 enormi. Ci hanno portato verso un\u2019Europa tattica, legata agli appuntamenti elettorali, ostaggio di interessi particolari. Con la Russia si \u00e8 vista proprio l\u2019assenza di una grande Europa strategica\u00bb.<br \/>\n<strong><br \/>\nVista questa Europa, l\u2019Albania \u00e8 ancora interessata a entrare nell\u2019Ue?<\/strong><br \/>\n\u00abL\u2019Europa \u00e8 un sogno. Per chi vede in avanti \u00e8 chiaro che gli Stati Uniti d\u2019Europa sono l\u2019unica strada per garantire le generazioni future\u00bb.<\/p>\n<p><strong>Com\u2019\u00e8 vista l\u2019Italia dagli albanesi?<\/strong><br \/>\n\u00abL\u2019Italia \u00e8 sempre l\u2019Italia. Non \u00e8 quella di 25 anni fa, ma resta ancora un obiettivo per molte cose, a partire dall\u2019istruzione di qualit\u00e0. Il vostro Paese \u00e8 una realt\u00e0 che ci appartiene dal punto di vista spirituale e culturale\u00bb.<\/p>\n<p><strong>C\u2019\u00e8 chi dice che voi rischiate di danneggiare l\u2019economia italiana offrendo incentivi per le aziende straniere\u2026<\/strong><br \/>\n\u00abDovete guardarci come parte dell\u2019Italia dal punto di vista dello spazio economico. L\u2019Albania \u00e8 il Paese ideale per ogni imprenditore italiano: trovate da noi tutto quello che non riuscite a trovare in Italia, ma questo non danneggia il nostro vicino\u00bb.<br \/>\n<strong><br \/>\nChi ha ragione tra il primo ministro greco Tsipras e l\u2019Ue sui debiti di Atene?<\/strong><br \/>\n\u00abQuello che posso dire \u00e8 che entrambe le parti devono parlarsi e arrivare a un accordo. L\u2019Europa, poi, deve riflettere su questa vicenda per capire dove ha sbagliato e per cercare vie migliori contro la crisi\u00bb.<br \/>\n<strong><br \/>\nA Belgrado lei ha rivendicato l\u2019indipendenza del Kosovo. Il suo collega serbo non ha gradito. Come sono i rapporti tra di due Paesi?<\/strong><br \/>\n\u00abSono molto buoni. Del resto se i Paesi balcanici non capiscono che meglio essere uniti che divisi non si andr\u00e0 mai avanti e si sar\u00e0 sempre deboli con Bruxelles\u00bb.<br \/>\n<strong><br \/>\nMeglio il ruolo di primo ministro o di sindaco, qual \u00e8 stato a Tirana per undici anni?<\/strong><br \/>\n\u00abEssere sindaco \u00e8 un buon inizio per poi fare il premier. Certo, pu\u00f2 risultare pi\u00f9 facile fare il primo ministro se non hai fatto il sindaco: se prima sei stato un primo cittadino non puoi permetterti di fare solo politica e nulla per i cittadini\u00bb.<\/p>\n<p><strong>Lei \u00e8 molto attivo sui social network e anche i suoi ministri\u2026<\/strong><br \/>\n\u00abQuesto \u00e8 un governo giovane: i social network sono lo spazio naturale dove muoversi. Non si perde tempo con i social network, anzi, si risparmia, perch\u00e9 comunichi tutto e subito\u00bb.<\/p>\n<p><strong>Con l\u2019opposizione c\u2019\u00e8 uno scontro da mesi. Quando farete pace?<\/strong><br \/>\n\u00abIn questo siamo simili all\u2019Italia: anche qui c\u2019\u00e8 una vita politica battagliera. Da voi ci sono addirittura i comici che fanno la guerra nella scena politica, in Albania almeno i comici fanno i comici\u00bb.<\/p>\n<p><strong>Mi pare di capire che non le piaccia Beppe Grillo\u2026<\/strong><br \/>\n\u00abI comici sono utilissimi a prendere in giro il governo, ma votare per i comici per farli governare \u00e8 prendere in giro se stessi\u00bb.<\/p>\n<p><strong>E di Matteo Renzi che ne pensa?<\/strong><br \/>\n\u00abRappresenta la speranza di un\u2019Italia che finalmente \u00e8 un Paese che parla di giovani e che riesce a rinascere\u00bb.<\/p>\n<p>Leonard Berberi\/Corriere della sera<\/p>\n","protected":false},"excerpt":{"rendered":"<p>L\u2019ex cestista Edi Rama: \u00abL\u2019Italia \u00e8 sempre l\u2019Italia. Non \u00e8 quella di 25 anni fa, ma per noi albanesi resta ancora un obiettivo per molte cose, a partire dall\u2019istruzione di qualit\u00e0 Un viaggio di poche ore a Milano. Prima per rispondere alle domande del Corriere della Sera. Poi a quelle di Daria Bignardi alla trasmissione [&hellip;]<\/p>\n","protected":false},"author":1,"featured_media":2621,"comment_status":"open","ping_status":"open","sticky":false,"template":"","format":"standard","meta":{"jnews-multi-image_gallery":[],"jnews_single_post":[],"jnews_primary_category":[],"footnotes":""},"categories":[1],"tags":[70],"class_list":["post-2620","post","type-post","status-publish","format-standard","has-post-thumbnail","hentry","category-news","tag-edi-rama"],"_links":{"self":[{"href":"https:\/\/kohanews.al\/index.php?rest_route=\/wp\/v2\/posts\/2620","targetHints":{"allow":["GET"]}}],"collection":[{"href":"https:\/\/kohanews.al\/index.php?rest_route=\/wp\/v2\/posts"}],"about":[{"href":"https:\/\/kohanews.al\/index.php?rest_route=\/wp\/v2\/types\/post"}],"author":[{"embeddable":true,"href":"https:\/\/kohanews.al\/index.php?rest_route=\/wp\/v2\/users\/1"}],"replies":[{"embeddable":true,"href":"https:\/\/kohanews.al\/index.php?rest_route=%2Fwp%2Fv2%2Fcomments&post=2620"}],"version-history":[{"count":0,"href":"https:\/\/kohanews.al\/index.php?rest_route=\/wp\/v2\/posts\/2620\/revisions"}],"wp:featuredmedia":[{"embeddable":true,"href":"https:\/\/kohanews.al\/index.php?rest_route=\/"}],"wp:attachment":[{"href":"https:\/\/kohanews.al\/index.php?rest_route=%2Fwp%2Fv2%2Fmedia&parent=2620"}],"wp:term":[{"taxonomy":"category","embeddable":true,"href":"https:\/\/kohanews.al\/index.php?rest_route=%2Fwp%2Fv2%2Fcategories&post=2620"},{"taxonomy":"post_tag","embeddable":true,"href":"https:\/\/kohanews.al\/index.php?rest_route=%2Fwp%2Fv2%2Ftags&post=2620"}],"curies":[{"name":"wp","href":"https:\/\/api.w.org\/{rel}","templated":true}]}}