{"id":2789,"date":"2016-03-14T19:19:15","date_gmt":"2016-03-14T18:19:15","guid":{"rendered":"http:\/\/shqiptari.net\/\/?p=2789"},"modified":"2016-03-14T19:19:15","modified_gmt":"2016-03-14T18:19:15","slug":"accoglienza-dei-migranti-e-il-momento-dellalbania","status":"publish","type":"post","link":"https:\/\/kohanews.al\/?p=2789","title":{"rendered":"Accoglienza dei migranti: \u00e8 il momento dell\u2019Albania"},"content":{"rendered":"<div class=\"entry-content\">\n<p>Con la chiusura delle frontiere da parte dei principali Paesi di accesso, ora i profughi proveranno a passare dal Paese balcanico. Si pianifica l\u2019intervento di una ong italo-albanese<\/p>\n<p><img fetchpriority=\"high\" decoding=\"async\" class=\"size-medium wp-image-2790 alignright\" src=\"http:\/\/shqiptari.net\/\/wp-content\/uploads\/2016\/03\/profughi-verso-albania-300x205.jpg\" alt=\"profughi in albania\" width=\"300\" height=\"205\" \/>L\u2019eventualit\u00e0 che si passi in pochi giorni dalla rotta balcanica, ormai sigillata, alla rotta adriatica, \u00e8 la pi\u00f9 temuta dall\u2019Italia. I profughi presenti in Grecia e gli altri che giungono ogni giorno trovano la strada bloccata lungo tutti i confini. Chiusa anche la Macedonia, la geografia ci dice che \u00e8 rimasto un ultimo paese da cui provare a passare. Quel paese \u00e8 l\u2019Albania. L\u2019Italia sta per sottoscrivere un memorandum con questo paese, in cui si specifichi che cosa daremo in termini di mezzi ed esperti di polizia, in cambio di un \u201ccontenimento\u201d dell\u2019onda di profughi. Mentre scriviamo, le prime centinaia sono stati trasferiti dai greci a Konitsa, a poche decine di chilometri dal confine albanese di Kakavije.<\/p>\n<p>E in Albania \u00e8 un susseguirsi di pool interministeriali, poliziotti mandati a pattugliare i confini, dibattiti parlamentari. E qua siamo preoccupati che arrivino barconi di profughi a rovinare la stagione turistica. E io credo che in tutto questo manchi qualcosa. Qualcosa di fondamentale. Manca la preoccupazione per il profugo in quanto persona. \u00c8 sacrosanto collaborare con l\u2019Albania per evitare che i migranti si avventurino ad attraversare il Canale d\u2019Otranto, ma non basta. Bisogna cooperare con il paese per creare un sistema di accoglienza. Bisogna sostenere il governo Rama a tradurre in atti concreti i suoi propositi. L\u2019Albania \u00e8 un paese che ha deciso di non chiudersi. \u201cNon erigeremo muri\u201d, ripete il governo da tempo. Questa convinzione resiste anche oggi che si attende ad ore l\u2019arrivo dei primi migranti. Sono convinto che l\u2019Albania sia un Paese europeo per quanto attiene a principi e valori.<\/p>\n<p>Nel 2014 ha avuto la forza e la volont\u00e0 di approvare una legge che riconosce e tutela i diritti dei richiedenti protezione internazionale. Una legge allineata alla legislazione europea e internazionale, la quale, secondo quanto previsto dalla Convenzione di Ginevra del 1951, garantisce l\u2019accoglienza, il diritto all\u2019istruzione, al lavoro e alla protezione sociale.<\/p>\n<p>La societ\u00e0 civile albanese e italiana, coadiuvate dai territori e dalle istituzioni, devono avere un ruolo fondamentale. Perch\u00e9 per noi l\u2019Albania ha un significato particolare. Molte Ong, Comuni, Regioni, erano l\u00ec nel 1999 ad accogliere i profughi del Kosovo. Negli ultimi anni abbiamo visto crescere la societ\u00e0 civile albanese. Sono state molte le sfide affrontate. Questa \u00e8 un\u2019altra che forse durer\u00e0 molti anni e le Ong Italiane che sono impegnate sul fronte dell\u2019accoglienza, ormai da decenni, possono diventare partner forti.<\/p>\n<p>Proprio 25 anni fa arrivavano in Salento i barconi carichi di immigrati albanesi. E oggi tocca a loro accogliere. Se ne \u00e8 parlato nel parlamento albanese. Si \u00e8 detto che l\u2019Albania non pu\u00f2 chiudersi proprio perch\u00e9 sa cosa significhi lasciare la propria terra ed essere accolti in altri paesi. Anche noi lo sapevamo, anche i nostri nonni si erano imbarcati per l\u2019America a centinaia di migliaia. Questo \u00e8 servito a renderci accoglienti e comprensivi? Difficile rispondere con un s\u00ec o un no. Ci\u00f2 che \u00e8 certo \u00e8 che da quei primi giorni di marzo del 1991 abbiamo iniziato a costruire il sistema di accoglienza che abbiamo oggi. Con le sue difficolta, \u00e8 un sistema che funziona e che accoglie. Ora tocca all\u2019Albania.<\/p>\n<p>Nel 1999, erano centinaia di migliaia i kosovari accolti dalle famiglie albanesi e dai campi tirati su dagli attori della protezione civile e della cooperazione internazionale. Oggi non si sa quanti arriveranno. Ma \u00e8 certo che dobbiamo essere nuovamente fianco a fianco. Non perch\u00e9 cos\u00ec li teniamo in Albania invece di lascarli venire in Italia, ma perch\u00e9 \u00e8 il momento di chiudere il cerchio: gli albanesi devono poter accogliere chi arriver\u00e0 l\u00e0, attingendo anche dalle buone pratiche italiane. E la societ\u00e0 civile italiana pu\u00f2 dare il supporto necessario a quella albanese per costruire, insieme alle Istituzioni, un sistema d\u2019accoglienza funzionale.<\/p>\n<p>L\u2019abbiamo detto molte volte che le migrazioni non si fermeranno ma sono destinate ad essere parte del futuro europeo. Un futuro che condividiamo anche con l\u2019Albania. In pi\u00f9 con questo paese ci lega l\u2019importante comunit\u00e0 di 500 mila albanesi d\u2019Italia, arrivati proprio a partire da 25 anni fa, oltre all\u2019antica diaspora arb\u00ebresh. Sono certo che saranno loro i primi a supportare la societ\u00e0 civile che si incaricher\u00e0 di accogliere i migranti alle porte del paese, affinch\u00e9 l\u2019emergenza si trasformi in una bella pagina di Storia. \u00c8 l\u2019esempio di Besmir. Rientrato da pochi giorni dall\u2019Italia, si \u00e8 messo subito in moto e in queste ore sta pianificando, nel sud dell\u2019Albania, l\u2019intervento di una ong italo-albanese. Un giovane che ha deciso di buttarsi oggi in questa avventura per dare una risposta immediata alle tante persone che sfuggono dalla guerra o da situazioni di annullamento dei propri diritti, persone che hanno voglia di futuro. \/Fonte:unita.tv\/<\/p>\n<\/div>\n","protected":false},"excerpt":{"rendered":"<p>Con la chiusura delle frontiere da parte dei principali Paesi di accesso, ora i profughi proveranno a passare dal Paese balcanico. Si pianifica l\u2019intervento di una ong italo-albanese L\u2019eventualit\u00e0 che si passi in pochi giorni dalla rotta balcanica, ormai sigillata, alla rotta adriatica, \u00e8 la pi\u00f9 temuta dall\u2019Italia. I profughi presenti in Grecia e gli [&hellip;]<\/p>\n","protected":false},"author":1,"featured_media":2790,"comment_status":"open","ping_status":"open","sticky":false,"template":"","format":"standard","meta":{"jnews-multi-image_gallery":[],"jnews_single_post":[],"jnews_primary_category":[],"footnotes":""},"categories":[1],"tags":[79],"class_list":["post-2789","post","type-post","status-publish","format-standard","has-post-thumbnail","hentry","category-news","tag-profughi-in-albania"],"_links":{"self":[{"href":"https:\/\/kohanews.al\/index.php?rest_route=\/wp\/v2\/posts\/2789","targetHints":{"allow":["GET"]}}],"collection":[{"href":"https:\/\/kohanews.al\/index.php?rest_route=\/wp\/v2\/posts"}],"about":[{"href":"https:\/\/kohanews.al\/index.php?rest_route=\/wp\/v2\/types\/post"}],"author":[{"embeddable":true,"href":"https:\/\/kohanews.al\/index.php?rest_route=\/wp\/v2\/users\/1"}],"replies":[{"embeddable":true,"href":"https:\/\/kohanews.al\/index.php?rest_route=%2Fwp%2Fv2%2Fcomments&post=2789"}],"version-history":[{"count":0,"href":"https:\/\/kohanews.al\/index.php?rest_route=\/wp\/v2\/posts\/2789\/revisions"}],"wp:featuredmedia":[{"embeddable":true,"href":"https:\/\/kohanews.al\/index.php?rest_route=\/"}],"wp:attachment":[{"href":"https:\/\/kohanews.al\/index.php?rest_route=%2Fwp%2Fv2%2Fmedia&parent=2789"}],"wp:term":[{"taxonomy":"category","embeddable":true,"href":"https:\/\/kohanews.al\/index.php?rest_route=%2Fwp%2Fv2%2Fcategories&post=2789"},{"taxonomy":"post_tag","embeddable":true,"href":"https:\/\/kohanews.al\/index.php?rest_route=%2Fwp%2Fv2%2Ftags&post=2789"}],"curies":[{"name":"wp","href":"https:\/\/api.w.org\/{rel}","templated":true}]}}