{"id":28934,"date":"2021-02-20T20:17:22","date_gmt":"2021-02-20T20:17:22","guid":{"rendered":"https:\/\/kohanews.al\/?p=28934"},"modified":"2021-02-20T20:26:22","modified_gmt":"2021-02-20T20:26:22","slug":"te-mbyllen-urgjent-shkollat-dhe-lokalet-pipero-te-shtohen-masat-transporti-publik-duhet-te","status":"publish","type":"post","link":"https:\/\/kohanews.al\/?p=28934","title":{"rendered":"Te mbyllen urgjent shkollat dhe lokalet, Pipero: Te shtohen masat, transporti publik duhet te.."},"content":{"rendered":"\n<p>Rritja e shumte e rasteve ditore duhet t\u00eb shoq\u00ebrohet me t\u00eb tjera masa shtr\u00ebnguese. Mjeku i njohur P\u00ebllumb Pipero rekomandon mbylljen e t\u00eb gjitha shkollave dhe lokaleve deri n\u00eb fund t\u00eb marsit.<\/p>\n\n\n\n<p>Nd\u00ebrsa p\u00ebr transportin publik, numri i personave qe udh\u00ebtojne duhet t\u00eb jet\u00eb i limituar sipas protokolleve t\u00eb sh\u00ebndet\u00ebsis\u00eb.\u00a0<\/p>\n\n\n\n<p>\u201cDeri nga fundit i marsit masat duhet t\u00eb ishin m\u00eb t\u00eb shtr\u00ebnguara, orari i kafeneve m\u00eb i shkurtuar, t\u00eb mos sh\u00ebrbehet n\u00eb tavolina, por \u201cdelivery\u201d. Shkollat e arsimit 9-vje\u00e7ar dhe t\u00eb mes\u00ebm t\u00eb ishin mbyllur deri n\u00eb fund t\u00eb marsit. Edhe pse nuk \u00ebsht\u00eb zgjidhje e problemit, \u00ebsht\u00eb zgjedhje e detyruar p\u00ebr nga ritmet e pandemis\u00eb pasi nuk jan\u00eb k\u00ebshtu vet\u00ebm n\u00eb vendin ton\u00eb\u201d, u shpreh P\u00ebllumb Pipero.<\/p>\n\n\n\n<p>Pasi e kaloi&nbsp;jo leht\u00eb koronavirusin, mjeku i spitalit Covid-1 tregon p\u00ebr A2 se kjo periudh\u00eb \u00ebsht\u00eb mjaft e v\u00ebshtir\u00eb. P\u00ebrhapja e virusit po favorizohet edhe nga temperaturat e ul\u00ebta, nd\u00ebrsa thekson se t\u00eb rinjt\u00eb jan\u00eb me indiferent\u00ebt ndaj respektimit t\u00eb masave.<\/p>\n\n\n\n<p>Pipero&nbsp;t\u00ebrheq v\u00ebmendjen se k\u00ebto jav\u00eb, krahas rritjes s\u00eb infektimeve, jan\u00eb shtuar humbjet e jet\u00ebs edhe tek moshat e reja.<\/p>\n\n\n\n<p>\u201cKemi raste t\u00eb shtuara t\u00eb s\u00ebmundjes dhe forma t\u00eb r\u00ebnda dhe humbje t\u00eb jet\u00ebs dhe tek moshat e reja. I k\u00ebshilloj t\u00eb jen\u00eb t\u00eb kujdessh\u00ebm q\u00eb do t\u00eb thot\u00eb t\u00eb mbajn\u00eb mask\u00eb, distanc\u00eb dhe higjien\u00eb. Edhe nj\u00eb lutje kam p\u00ebr ta, t\u00eb frekuentojn\u00eb sa m\u00eb pak, kafenet\u00eb dhe mjediset e mbyllura\u201d, shtoi ai.<\/p>\n\n\n\n<p>I komentuar jo pak edhe nga koleg\u00eb t\u00eb tij, mjeku Pipero tregon vendin se ku u trajtua ndaj koornavirusit.<\/p>\n\n\n\n<p>\u201cKam kaluar nj\u00eb form\u00eb nga e leht\u00eb n\u00eb t\u00eb mesme t\u00eb k\u00ebsaj s\u00ebmundje. Kam pasur shum\u00eb pagjum\u00ebsi dhe ankth p\u00ebr t\u00eb cilat kam pasur ndihm\u00ebn e koleg\u00ebve t\u00eb mi. Jam trajtuar n\u00eb sht\u00ebpi dhe jo jasht\u00eb vendit\u201d, tregon mjeku.<\/p>\n\n\n\n<p>Ashtu si\u00e7 do person q\u00eb e ka kaluar jo leht\u00eb koronavirusin&nbsp;edhe Pipero thot\u00eb se do t\u2019i duhen s\u00eb paku 12 jav\u00eb p\u00ebr t\u00eb rimarr\u00eb veten.<\/p>\n\n\n\n<p>T\u00eb h\u00ebn\u00ebn do t\u00eb rikthehet mes pacient\u00ebve n\u00eb spitalin Covid-1 nd\u00ebrsa&nbsp;ka vendosur t\u00eb marr\u00eb doz\u00ebn e dyt\u00eb t\u00eb vaksin\u00ebs, pavar\u00ebsisht antitrupave q\u00eb mund t\u00eb ket\u00eb krijuar pas s\u00ebmundjes.<\/p>\n","protected":false},"excerpt":{"rendered":"<p>Rritja e shumte e rasteve ditore duhet t\u00eb shoq\u00ebrohet me t\u00eb tjera masa shtr\u00ebnguese. Mjeku i njohur P\u00ebllumb Pipero rekomandon mbylljen e t\u00eb gjitha shkollave dhe lokaleve deri n\u00eb fund t\u00eb marsit. Nd\u00ebrsa p\u00ebr transportin publik, numri i personave qe udh\u00ebtojne duhet t\u00eb jet\u00eb i limituar sipas protokolleve t\u00eb sh\u00ebndet\u00ebsis\u00eb.\u00a0 \u201cDeri nga fundit i marsit [&hellip;]<\/p>\n","protected":false},"author":1,"featured_media":0,"comment_status":"open","ping_status":"open","sticky":false,"template":"","format":"standard","meta":{"jnews-multi-image_gallery":[],"jnews_single_post":[],"jnews_primary_category":[],"footnotes":""},"categories":[1],"tags":[],"class_list":["post-28934","post","type-post","status-publish","format-standard","hentry","category-news"],"_links":{"self":[{"href":"https:\/\/kohanews.al\/index.php?rest_route=\/wp\/v2\/posts\/28934","targetHints":{"allow":["GET"]}}],"collection":[{"href":"https:\/\/kohanews.al\/index.php?rest_route=\/wp\/v2\/posts"}],"about":[{"href":"https:\/\/kohanews.al\/index.php?rest_route=\/wp\/v2\/types\/post"}],"author":[{"embeddable":true,"href":"https:\/\/kohanews.al\/index.php?rest_route=\/wp\/v2\/users\/1"}],"replies":[{"embeddable":true,"href":"https:\/\/kohanews.al\/index.php?rest_route=%2Fwp%2Fv2%2Fcomments&post=28934"}],"version-history":[{"count":2,"href":"https:\/\/kohanews.al\/index.php?rest_route=\/wp\/v2\/posts\/28934\/revisions"}],"predecessor-version":[{"id":28937,"href":"https:\/\/kohanews.al\/index.php?rest_route=\/wp\/v2\/posts\/28934\/revisions\/28937"}],"wp:attachment":[{"href":"https:\/\/kohanews.al\/index.php?rest_route=%2Fwp%2Fv2%2Fmedia&parent=28934"}],"wp:term":[{"taxonomy":"category","embeddable":true,"href":"https:\/\/kohanews.al\/index.php?rest_route=%2Fwp%2Fv2%2Fcategories&post=28934"},{"taxonomy":"post_tag","embeddable":true,"href":"https:\/\/kohanews.al\/index.php?rest_route=%2Fwp%2Fv2%2Ftags&post=28934"}],"curies":[{"name":"wp","href":"https:\/\/api.w.org\/{rel}","templated":true}]}}