{"id":28938,"date":"2021-02-20T21:17:29","date_gmt":"2021-02-20T21:17:29","guid":{"rendered":"https:\/\/kohanews.al\/?p=28938"},"modified":"2021-02-20T21:41:49","modified_gmt":"2021-02-20T21:41:49","slug":"conte-italia","status":"publish","type":"post","link":"https:\/\/kohanews.al\/?p=28938","title":{"rendered":"Conte: &#8220;Italia nuk do ta harroj\u00eb kurr\u00eb p\u00ebrpjekjen e bluzave t\u00eb bardha&#8221;"},"content":{"rendered":"\n<p>&#8220;Ne kurr\u00eb nuk do t\u00eb ndalemi s\u00eb fal\u00ebnderuari. K\u00ebt\u00eb dit\u00eb u kemi kushtuar atyre. Sepse nuk harrojm\u00eb. Asnj\u00ebher\u00eb nuk do t\u00eb jemi n\u00eb gjendje t&#8217;i harrojm\u00eb p\u00ebrpjekjet dhe sakrificat e tyre&#8221; Ish-Kryeministri Giuseppe Conte e shkruan at\u00eb n\u00eb profilet e tij sociale, me rastin e dit\u00ebs s\u00eb par\u00eb komb\u00ebtare kushtuar bluzave t\u00eb bardha.<\/p>\n\n\n\n<p>&#8220;N\u00eb k\u00ebt\u00eb vit t\u00eb par\u00eb shum\u00eb t\u00eb gjat\u00eb t\u00eb pandemis\u00eb &#8211; thot\u00eb Conte &#8211; Italia ka qen\u00eb n\u00eb gjendje t\u00eb llogaris\u00eb n\u00eb sakrific\u00ebn e grave dhe burrave q\u00eb luf tuan n\u00eb vij\u00ebn e frontit kund\u00ebr Covid. Jan\u00eb mjek\u00ebt tan\u00eb, infermier\u00ebt tan\u00eb, personeli sh\u00ebndet\u00ebsor dhe vullnetar\u00ebt q\u00eb secili dit\u00ebn ata punuan pa kursyer veten, me guxim dhe p\u00ebrkushtim, duke demonstruar nj\u00eb frym\u00eb t\u00eb fort\u00eb t\u00eb komunitetit &#8220;.<\/p>\n\n\n\n<p>&#8220;Ata kan\u00eb shp\u00ebtuar shum\u00eb jet\u00eb, kan\u00eb trajtuar dhe jan\u00eb kujdesur p\u00ebr shum\u00eb njer\u00ebz t\u00eb s\u00ebmur\u00eb, &#8211; p\u00ebrfundon ai. &#8211; Disa kan\u00eb paguar k\u00ebt\u00eb angazhim me sakrific\u00ebn e jet\u00ebs s\u00eb tyre. T\u00eb gjith\u00eb kan\u00eb jetuar me dhim bjen dhe kan\u00eb luftuar kund\u00ebr lodhjes. Ata kurr\u00eb nuk kan\u00eb u larguan nga p\u00ebrgjegj\u00ebsit\u00eb e misionit t\u00eb tyre &#8220;.<\/p>\n","protected":false},"excerpt":{"rendered":"<p>&#8220;Ne kurr\u00eb nuk do t\u00eb ndalemi s\u00eb fal\u00ebnderuari. K\u00ebt\u00eb dit\u00eb u kemi kushtuar atyre. Sepse nuk harrojm\u00eb. Asnj\u00ebher\u00eb nuk do t\u00eb jemi n\u00eb gjendje t&#8217;i harrojm\u00eb p\u00ebrpjekjet dhe sakrificat e tyre&#8221; Ish-Kryeministri Giuseppe Conte e shkruan at\u00eb n\u00eb profilet e tij sociale, me rastin e dit\u00ebs s\u00eb par\u00eb komb\u00ebtare kushtuar bluzave t\u00eb bardha. &#8220;N\u00eb k\u00ebt\u00eb [&hellip;]<\/p>\n","protected":false},"author":1,"featured_media":0,"comment_status":"open","ping_status":"open","sticky":false,"template":"","format":"standard","meta":{"jnews-multi-image_gallery":[],"jnews_single_post":[],"jnews_primary_category":[],"footnotes":""},"categories":[1],"tags":[],"class_list":["post-28938","post","type-post","status-publish","format-standard","hentry","category-news"],"_links":{"self":[{"href":"https:\/\/kohanews.al\/index.php?rest_route=\/wp\/v2\/posts\/28938","targetHints":{"allow":["GET"]}}],"collection":[{"href":"https:\/\/kohanews.al\/index.php?rest_route=\/wp\/v2\/posts"}],"about":[{"href":"https:\/\/kohanews.al\/index.php?rest_route=\/wp\/v2\/types\/post"}],"author":[{"embeddable":true,"href":"https:\/\/kohanews.al\/index.php?rest_route=\/wp\/v2\/users\/1"}],"replies":[{"embeddable":true,"href":"https:\/\/kohanews.al\/index.php?rest_route=%2Fwp%2Fv2%2Fcomments&post=28938"}],"version-history":[{"count":3,"href":"https:\/\/kohanews.al\/index.php?rest_route=\/wp\/v2\/posts\/28938\/revisions"}],"predecessor-version":[{"id":28943,"href":"https:\/\/kohanews.al\/index.php?rest_route=\/wp\/v2\/posts\/28938\/revisions\/28943"}],"wp:attachment":[{"href":"https:\/\/kohanews.al\/index.php?rest_route=%2Fwp%2Fv2%2Fmedia&parent=28938"}],"wp:term":[{"taxonomy":"category","embeddable":true,"href":"https:\/\/kohanews.al\/index.php?rest_route=%2Fwp%2Fv2%2Fcategories&post=28938"},{"taxonomy":"post_tag","embeddable":true,"href":"https:\/\/kohanews.al\/index.php?rest_route=%2Fwp%2Fv2%2Ftags&post=28938"}],"curies":[{"name":"wp","href":"https:\/\/api.w.org\/{rel}","templated":true}]}}