{"id":28950,"date":"2021-02-23T20:53:59","date_gmt":"2021-02-23T20:53:59","guid":{"rendered":"https:\/\/kohanews.al\/?p=28950"},"modified":"2021-02-23T20:54:11","modified_gmt":"2021-02-23T20:54:11","slug":"lockdown-albania","status":"publish","type":"post","link":"https:\/\/kohanews.al\/?p=28950","title":{"rendered":"Zv. Ministrja paralajmeron vendin: Karantine e plot\u00eb n\u00ebse nuk .."},"content":{"rendered":"\n<p>Zv. Ministrja e Shendetesise Eugena Tomini se fundmi ka paralajmeruar karantine te plote per vendin tone<\/p>\n\n\n\n<p>Ajo \u00ebsht\u00eb shprehur sot gate nje interviste se ka nj\u00eb rritje t\u00eb numrit t\u00eb rasteve q\u00eb k\u00ebrkon shtrimin n\u00eb spital.<\/p>\n\n\n\n<p>Tomini tha se jan\u00eb ezauruar deri n\u00eb 80% t\u00eb shtret\u00ebrve, p\u00ebrfshir\u00eb edhe dy spitalet rajonale t\u00eb Durr\u00ebsit dhe Shkodr\u00ebs.<\/p>\n\n\n\n<p>\u201c<em>Kemi nj\u00eb transmetim komunitar, nj\u00eb transmetim me nj\u00eb incidenc\u00eb t\u00eb lart\u00eb t\u00eb rasteve t\u00eb konfirmuara. Kjo, konfirmuar jo vet\u00ebm me pozitivitetin, por edhe me rastet q\u00eb kan\u00eb k\u00ebrkuar shtrim spitalor kundrejt shtimit t\u00eb kapaciteteve n\u00eb shtret\u00ebr n\u00eb nivelin qendror, ku kemi ezauruar deri n\u00eb 80% t\u00eb shtret\u00ebrve&nbsp; p\u00ebrfshir\u00eb dhe dy spitalet rajonal\u00eb, spitalin e Durr\u00ebsit dhe spitalin e Shkodr\u00ebs.&nbsp;<\/em><em>Nd\u00ebrkoh\u00eb, kemi nj\u00eb zbritje t\u00eb fash\u00ebs moshore drejt grupmoshave aktive, 15-24 dhe 25-34 vje\u00e7<\/em>\u201d.<\/p>\n\n\n\n<p>Sipas Tominit, karantina do t\u00eb jet\u00eb \u2018guri\u2019 i fundit i p\u00ebrodrur kundrejt shtrengimit t\u00eb masave.<\/p>\n\n\n\n<p>\u201c<em>Gjithkush nga ne nuk do t\u00eb donte t\u00eb shkonim drejt nj\u00eb karantine totale. P\u00ebr m\u00eb tep\u00ebr do t\u00eb jet\u00eb guri i fundit i kapur apo i p\u00ebrdorur p\u00ebrkundrejt shtimit t\u00eb masave. Por dua t\u00eb theksoj p\u00ebrgjegjshm\u00ebrin\u00eb e secilit nga ne, duhet t\u00eb jemi t\u00eb gjith\u00eb t\u00eb p\u00ebrgjegjsh\u00ebm p\u00ebr zbatimin e masave.<\/em>\u201d, tha ajo.<\/p>\n","protected":false},"excerpt":{"rendered":"<p>Zv. Ministrja e Shendetesise Eugena Tomini se fundmi ka paralajmeruar karantine te plote per vendin tone Ajo \u00ebsht\u00eb shprehur sot gate nje interviste se ka nj\u00eb rritje t\u00eb numrit t\u00eb rasteve q\u00eb k\u00ebrkon shtrimin n\u00eb spital. Tomini tha se jan\u00eb ezauruar deri n\u00eb 80% t\u00eb shtret\u00ebrve, p\u00ebrfshir\u00eb edhe dy spitalet rajonale t\u00eb Durr\u00ebsit dhe Shkodr\u00ebs. [&hellip;]<\/p>\n","protected":false},"author":1,"featured_media":0,"comment_status":"open","ping_status":"open","sticky":false,"template":"","format":"standard","meta":{"jnews-multi-image_gallery":[],"jnews_single_post":[],"jnews_primary_category":[],"footnotes":""},"categories":[1],"tags":[],"class_list":["post-28950","post","type-post","status-publish","format-standard","hentry","category-news"],"_links":{"self":[{"href":"https:\/\/kohanews.al\/index.php?rest_route=\/wp\/v2\/posts\/28950","targetHints":{"allow":["GET"]}}],"collection":[{"href":"https:\/\/kohanews.al\/index.php?rest_route=\/wp\/v2\/posts"}],"about":[{"href":"https:\/\/kohanews.al\/index.php?rest_route=\/wp\/v2\/types\/post"}],"author":[{"embeddable":true,"href":"https:\/\/kohanews.al\/index.php?rest_route=\/wp\/v2\/users\/1"}],"replies":[{"embeddable":true,"href":"https:\/\/kohanews.al\/index.php?rest_route=%2Fwp%2Fv2%2Fcomments&post=28950"}],"version-history":[{"count":2,"href":"https:\/\/kohanews.al\/index.php?rest_route=\/wp\/v2\/posts\/28950\/revisions"}],"predecessor-version":[{"id":28953,"href":"https:\/\/kohanews.al\/index.php?rest_route=\/wp\/v2\/posts\/28950\/revisions\/28953"}],"wp:attachment":[{"href":"https:\/\/kohanews.al\/index.php?rest_route=%2Fwp%2Fv2%2Fmedia&parent=28950"}],"wp:term":[{"taxonomy":"category","embeddable":true,"href":"https:\/\/kohanews.al\/index.php?rest_route=%2Fwp%2Fv2%2Fcategories&post=28950"},{"taxonomy":"post_tag","embeddable":true,"href":"https:\/\/kohanews.al\/index.php?rest_route=%2Fwp%2Fv2%2Ftags&post=28950"}],"curies":[{"name":"wp","href":"https:\/\/api.w.org\/{rel}","templated":true}]}}