{"id":29722,"date":"2021-10-12T15:34:29","date_gmt":"2021-10-12T15:34:29","guid":{"rendered":"https:\/\/kohanews.al\/?p=29722"},"modified":"2021-10-12T15:34:37","modified_gmt":"2021-10-12T15:34:37","slug":"humb-jeten-nga-covid-ish-zv-ministri-shqiptar","status":"publish","type":"post","link":"https:\/\/kohanews.al\/?p=29722","title":{"rendered":"Humb jet\u00ebn nga Covid ish zv\/Ministri shqiptar"},"content":{"rendered":"\n<p>Ish zv\/Ministri Ahmet Ceni nuk ia ka dal\u00eb dot t\u00eb fitoj\u00eb betej\u00ebn me virusin e rreziksh\u00ebm Covid-19, duke humbur jet\u00ebn k\u00ebt\u00eb t\u00eb mart\u00eb.<\/p>\n\n\n\n<p>Lajmin e b\u00ebn me dije deputetja e Partis\u00eb Socialiste, Edon Bilali, e cila ka njoftuar ndarjen e parakohshme nga jeta t\u00eb profesorit t\u00eb ekonomis\u00eb Ahmet Ceni.Teksa i shpreh ngush\u00ebllimet t\u00eb af\u00ebrmve dhe familjar\u00ebve t\u00eb profesorit, Bilali rikujton koh\u00ebn kur i ndjeri ishte profesor i saj dhe i jepte k\u00ebshilla.<\/p>\n\n\n\n<p>\u201cCovidi na mori edhe nj\u00eb tjet\u00ebr . Sot u nda nga jeta Prof. Dr. Ahmet Ceni, nj\u00eb jet\u00eb n\u00eb sh\u00ebrbim publik. U nda nga jeta nj\u00eb nga mentor\u00ebt e mi. Ngush\u00ebllimet e para i shkojn\u00eb familjes dhe menj\u00ebher\u00eb mbrapa koleg\u00ebve, q\u00eb sot u trondit\u00ebm dhe nuk e pranojm\u00eb dot q\u00eb profesori nuk do t\u00eb jet\u00eb m\u00eb mes nesh.<\/p>\n\n\n\n<p>Kur para 10 vitesh kalova asistente e tij n\u00eb disiplin\u00ebn e Burimeve Njer\u00ebzore n\u00eb Fakultetin e Ekonomis\u00eb, e vetmja gj\u00eb q\u00eb na lidhte ishte t\u00eb q\u00ebnurit nga Shkodra. Prof. Ahmetin student\u00ebt e konsideronin strikt por me zemr\u00ebn e madhe. P\u00ebr t\u00eb gjith\u00eb ne q\u00eb e kishim shef, ishte m\u00ebsues i vlerave akademike dhe parimeve etike t\u00eb nj\u00eb profesionisti t\u00eb rrall\u00eb. \u00c7do bised\u00eb me t\u00eb ishte e shoq\u00ebruar me k\u00ebshilla q\u00eb ve\u00e7 nj\u00eb prind mund tja jap\u00eb f\u00ebmij\u00ebs. Vlerat e Prof. Ahmetit do mbeten gjithmon\u00eb me mua, ndershm\u00ebria, drejt\u00ebsia dhe mir\u00ebsia. Jan\u00eb pik\u00ebrisht njer\u00ebz si prof. Ahmeti, q\u00eb m\u00eb b\u00ebjn\u00eb t\u00eb besoj se modele pozitive si ai p\u00ebrhapen si oksigjen tek njer\u00ebzit q\u00eb nd\u00ebrveprojn\u00eb me to. Do t\u00eb jetosh n\u00eb mendjen e zemr\u00ebn time sa t\u00eb jetoj!:, shkruan Bilali n\u00eb facebook.<\/p>\n\n\n\n<p>Kujtojm\u00eb se Ahmet Ceni ka qen\u00eb zv. minist\u00ebr i Transportit dhe m\u00eb pas i Pun\u00ebs dhe i \u00c7\u00ebshtjeve Sociale.<\/p>\n\n\n\n<p>Ai ka lindur n\u00eb vitin 1950 n\u00eb Shkod\u00ebr. Shkoll\u00ebn tet\u00eb vje\u00e7are p\u00ebrfunduar n\u00eb Shkod\u00ebr nd\u00ebrsa shkoll\u00ebn e mesme n\u00eb Teknikumin Ekonomik \u201cNako Spiro\u201d n\u00eb Tiran\u00eb. Mbas shkoll\u00ebs s\u00eb mesme ka kryer sh\u00ebrbimin ushtarak p\u00ebr nj\u00eb periudh\u00eb prej dy-vje\u00e7are dhe n\u00eb vitin 1972 ka filluar studimet e larta n\u00eb Fakultetin e Ekonomis\u00eb t\u00eb Universitetit t\u00eb Tiran\u00ebs, t\u00eb cilat i ka p\u00ebrfunduar sipas programit n\u00eb vitin 1977.<\/p>\n\n\n\n<p>Mbas mbarimit t\u00eb shkoll\u00ebs nga viti 1997 deri n\u00eb vitin 1982 ka punuar me detyra t\u00eb ndryshme funksionale si p\u00ebrgjegj\u00ebs i deg\u00ebs s\u00eb financ\u00ebs dhe i planit n\u00eb nd\u00ebrmarrje t\u00eb ndryshme t\u00eb Shkodr\u00ebs. N\u00eb vitin 1982 dhe deri aktualisht ka punuar kryesisht n\u00eb Fakultetin e Ekonomis\u00eb si pedagog dhe p\u00ebrgjegj\u00ebs i Departamentit t\u00eb Organizimit t\u00eb Pun\u00ebs dhe n\u00eb vitin 1992 deri 1995 si p\u00ebrgjegj\u00ebs i departamentit t\u00eb Menaxhimit.<\/p>\n\n\n\n<p>N\u00eb vitin 1998 deri n\u00eb vitin 2000 ka punuar si Z\u00ebvend\u00ebs Minist\u00ebr i Transportit dhe nga viti 2001 deri n\u00eb vitin 2005 si z\u00ebvend\u00ebs Minist\u00ebr i Pun\u00ebs dhe i \u00c7\u00ebshtjeve Sociale. Nga viti 2005 ishte profesor n\u00eb departamentin e Menaxhimit.<\/p>\n\n\n\n<p>Ka shkruar mbi nj\u00ebqind artikuj dhe punime me karakter shkencor dhe aplikativ kryesisht n\u00eb fush\u00ebn e tregut t\u00eb pun\u00ebs, t\u00eb pun\u00ebsimit, t\u00eb organizimit dhe t\u00eb menaxhimit. \u00cbsht\u00eb autor i tre teksteve m\u00ebsimore q\u00eb zhvillohen n\u00eb nivelin Bachelor dhe Master si dhe autor i leksioneve t\u00eb ciklit t\u00eb tret\u00eb n\u00eb l\u00ebnd\u00ebt \u201cMenaxhimi shp\u00ebrblimit dhe i performanc\u00ebs\u201d.<\/p>\n\n\n\n<p>Autor i disa monografive nga t\u00eb cilat mund t\u00eb p\u00ebrmendim \u201cShqip\u00ebria nga Plani n\u00eb treg\u201d, \u201cDrejtimi dhe Informacioni\u201d, \u201cAnaliza e normave dhe normimi i pun\u00ebs drejtuese\u201d, etj.., si dhe \u00ebsht\u00eb drejtues i mbi 15 doktoratave dhe punimeve t\u00eb tjera shkencore.<\/p>\n","protected":false},"excerpt":{"rendered":"<p>Ish zv\/Ministri Ahmet Ceni nuk ia ka dal\u00eb dot t\u00eb fitoj\u00eb betej\u00ebn me virusin e rreziksh\u00ebm Covid-19, duke humbur jet\u00ebn k\u00ebt\u00eb t\u00eb mart\u00eb. Lajmin e b\u00ebn me dije deputetja e Partis\u00eb Socialiste, Edon Bilali, e cila ka njoftuar ndarjen e parakohshme nga jeta t\u00eb profesorit t\u00eb ekonomis\u00eb Ahmet Ceni.Teksa i shpreh ngush\u00ebllimet t\u00eb af\u00ebrmve dhe [&hellip;]<\/p>\n","protected":false},"author":1,"featured_media":29710,"comment_status":"open","ping_status":"open","sticky":false,"template":"","format":"standard","meta":{"jnews-multi-image_gallery":[],"jnews_single_post":[],"jnews_primary_category":[],"footnotes":""},"categories":[1],"tags":[],"class_list":["post-29722","post","type-post","status-publish","format-standard","has-post-thumbnail","hentry","category-news"],"_links":{"self":[{"href":"https:\/\/kohanews.al\/index.php?rest_route=\/wp\/v2\/posts\/29722","targetHints":{"allow":["GET"]}}],"collection":[{"href":"https:\/\/kohanews.al\/index.php?rest_route=\/wp\/v2\/posts"}],"about":[{"href":"https:\/\/kohanews.al\/index.php?rest_route=\/wp\/v2\/types\/post"}],"author":[{"embeddable":true,"href":"https:\/\/kohanews.al\/index.php?rest_route=\/wp\/v2\/users\/1"}],"replies":[{"embeddable":true,"href":"https:\/\/kohanews.al\/index.php?rest_route=%2Fwp%2Fv2%2Fcomments&post=29722"}],"version-history":[{"count":1,"href":"https:\/\/kohanews.al\/index.php?rest_route=\/wp\/v2\/posts\/29722\/revisions"}],"predecessor-version":[{"id":29723,"href":"https:\/\/kohanews.al\/index.php?rest_route=\/wp\/v2\/posts\/29722\/revisions\/29723"}],"wp:featuredmedia":[{"embeddable":true,"href":"https:\/\/kohanews.al\/index.php?rest_route=\/wp\/v2\/media\/29710"}],"wp:attachment":[{"href":"https:\/\/kohanews.al\/index.php?rest_route=%2Fwp%2Fv2%2Fmedia&parent=29722"}],"wp:term":[{"taxonomy":"category","embeddable":true,"href":"https:\/\/kohanews.al\/index.php?rest_route=%2Fwp%2Fv2%2Fcategories&post=29722"},{"taxonomy":"post_tag","embeddable":true,"href":"https:\/\/kohanews.al\/index.php?rest_route=%2Fwp%2Fv2%2Ftags&post=29722"}],"curies":[{"name":"wp","href":"https:\/\/api.w.org\/{rel}","templated":true}]}}