{"id":29743,"date":"2021-10-14T19:21:39","date_gmt":"2021-10-14T19:21:39","guid":{"rendered":"https:\/\/kohanews.al\/?p=29743"},"modified":"2021-10-14T19:31:44","modified_gmt":"2021-10-14T19:31:44","slug":"ndahet-nga-jeta-ne-moshen-30-vjecare-piktori-shqiptar-babai-ndan-lajmin-e-tishte-ishte-djale-i-vetem","status":"publish","type":"post","link":"https:\/\/kohanews.al\/?p=29743","title":{"rendered":"Humb betejen me Covid-19 n\u00eb mosh\u00ebn 30 vje\u00e7are piktori shqiptar. Babai ndan lajmin e tisht\u00eb: Djali yne i vet\u00ebm.."},"content":{"rendered":"\n<p>Kristi Baba, piktori 30 vjecar shqiptar, \u00ebsht\u00eb ndar\u00eb nga jeta pasi nuk ka mundur dot\u00eb t\u00eb fitoj\u00eb mbetej\u00ebn me Covid-19.<\/p>\n\n\n\n<p>Lajmin e trisht\u00eb e ndan me qytetar\u00ebt babai i t\u00eb ndjerit, i cili me dhimbje thot\u00eb se djali i tij i vet\u00ebm ishte \u2018drita e sht\u00ebpis\u00eb\u2019, duke shtuar se n\u00eb n\u00ebntor do t\u00eb mbante ekspozit\u00ebn e tij.<\/p>\n\n\n\n<figure class=\"wp-block-image size-full\"><img decoding=\"async\" src=\"https:\/\/kohanews.al\/wp-content\/uploads\/2021\/10\/auto_kristi_baba1634221025-780x405-1.jpg\" alt=\"\" class=\"wp-image-29744\"\/><\/figure>\n\n\n\n<p><em>\u201cMe hidherim te thelle dhe dhimbje te madhe ju njoftojme se djali yne i vetem Kristi Baba piktor u nda nga jeta ne moshen 30 vjecare ne lulen e rinise duke mos e fituar&nbsp; betejen me covidin. Ti per ne ishe jeta dielli ishe ajri ishe drita e shtepise . Tu shuan gjithe enndrrat&nbsp; e tua dhe perkushtimi qe kishe per artin dhe po pregatiteshe per ekspozite ne nentor&nbsp; qe qe nuk ja arrite. Gjithe endrrat tua u prene ne mes. Biri yne pushofsh ne paqe !&nbsp; Qofte i parajses!&nbsp; Drite i paste shpirti! Ceremonia mortore do te zhvillohet&nbsp; neser me dt. 15.10.2021 nga ora 10 deri 12 ne hollin e&nbsp; hotel internaciona,<\/em>\u201d shkruan babai i 30-vje\u00e7arit.<\/p>\n\n\n\n<p>Kristi Baba pati hapur dhe nj\u00eb ekspozit\u00eb personale me nj\u00eb koleksion punimesh grafike dhe piktura. AI ka marr\u00eb pjes\u00eb n\u00eb disa ekspozita kolektive si, n\u00eb galerin\u00eb FAB dhe n\u00eb Muzeun Historik Komb\u00ebtar.<\/p>\n","protected":false},"excerpt":{"rendered":"<p>Kristi Baba, piktori 30 vjecar shqiptar, \u00ebsht\u00eb ndar\u00eb nga jeta pasi nuk ka mundur dot\u00eb t\u00eb fitoj\u00eb mbetej\u00ebn me Covid-19. Lajmin e trisht\u00eb e ndan me qytetar\u00ebt babai i t\u00eb ndjerit, i cili me dhimbje thot\u00eb se djali i tij i vet\u00ebm ishte \u2018drita e sht\u00ebpis\u00eb\u2019, duke shtuar se n\u00eb n\u00ebntor do t\u00eb mbante ekspozit\u00ebn [&hellip;]<\/p>\n","protected":false},"author":1,"featured_media":0,"comment_status":"open","ping_status":"open","sticky":false,"template":"","format":"standard","meta":{"jnews-multi-image_gallery":[],"jnews_single_post":[],"jnews_primary_category":[],"footnotes":""},"categories":[1],"tags":[],"class_list":["post-29743","post","type-post","status-publish","format-standard","hentry","category-news"],"_links":{"self":[{"href":"https:\/\/kohanews.al\/index.php?rest_route=\/wp\/v2\/posts\/29743","targetHints":{"allow":["GET"]}}],"collection":[{"href":"https:\/\/kohanews.al\/index.php?rest_route=\/wp\/v2\/posts"}],"about":[{"href":"https:\/\/kohanews.al\/index.php?rest_route=\/wp\/v2\/types\/post"}],"author":[{"embeddable":true,"href":"https:\/\/kohanews.al\/index.php?rest_route=\/wp\/v2\/users\/1"}],"replies":[{"embeddable":true,"href":"https:\/\/kohanews.al\/index.php?rest_route=%2Fwp%2Fv2%2Fcomments&post=29743"}],"version-history":[{"count":2,"href":"https:\/\/kohanews.al\/index.php?rest_route=\/wp\/v2\/posts\/29743\/revisions"}],"predecessor-version":[{"id":29748,"href":"https:\/\/kohanews.al\/index.php?rest_route=\/wp\/v2\/posts\/29743\/revisions\/29748"}],"wp:attachment":[{"href":"https:\/\/kohanews.al\/index.php?rest_route=%2Fwp%2Fv2%2Fmedia&parent=29743"}],"wp:term":[{"taxonomy":"category","embeddable":true,"href":"https:\/\/kohanews.al\/index.php?rest_route=%2Fwp%2Fv2%2Fcategories&post=29743"},{"taxonomy":"post_tag","embeddable":true,"href":"https:\/\/kohanews.al\/index.php?rest_route=%2Fwp%2Fv2%2Ftags&post=29743"}],"curies":[{"name":"wp","href":"https:\/\/api.w.org\/{rel}","templated":true}]}}