{"id":29758,"date":"2021-10-16T07:31:24","date_gmt":"2021-10-16T07:31:24","guid":{"rendered":"https:\/\/kohanews.al\/?p=29758"},"modified":"2021-10-16T07:35:12","modified_gmt":"2021-10-16T07:35:12","slug":"e-fundit-nene-e-bir-hidhen-nga-pallati-ne-tirane-detajet","status":"publish","type":"post","link":"https:\/\/kohanews.al\/?p=29758","title":{"rendered":"E fundit\/ Nene e bir hidhen nga pallati ne Tirane, detajet"},"content":{"rendered":"\n<p>Nj\u00eb grua 62-vje\u00e7e ka nd\u00ebrruar jet\u00eb n\u00eb or\u00ebt e para t\u00eb dit\u00ebs s\u00eb sotme n\u00eb Tiran\u00eb si pasoj\u00eb e nj\u00eb ngjarje t\u00eb r\u00ebnd\u00eb q\u00eb ka ndodhur n\u00eb zon\u00ebn e \u201cAstirit\u201d nd\u00ebrsa djali i saj \u00ebsht\u00eb n\u00eb spital n\u00ebn kujdesin e mjek\u00ebve.<\/p>\n\n\n\n<p>Viktima \u00ebsht\u00eb Hava Osmenaj. I l\u00ebnduar ka mbetur djali i saj Klodjan Osmenaj.<\/p>\n\n\n\n<p>Sipas policis\u00eb rreth or\u00ebs 05:55 apartamenti i tyre n\u00eb katin e tret\u00eb t\u00eb nj\u00eb pallati n\u00eb zon\u00ebn e \u201cAstirit\u201d \u00ebsht\u00eb p\u00ebrfshir\u00eb nga flak\u00ebt.<\/p>\n\n\n\n<figure class=\"wp-block-image size-full\"><img decoding=\"async\" src=\"https:\/\/kohanews.al\/wp-content\/uploads\/2021\/10\/wew.jpg\" alt=\"\" class=\"wp-image-29764\"\/><\/figure>\n\n\n\n<figure class=\"wp-block-gallery columns-1 is-cropped wp-block-gallery-1 is-layout-flex wp-block-gallery-is-layout-flex\"><ul class=\"blocks-gallery-grid\"><li class=\"blocks-gallery-item\"><figure><img decoding=\"async\" src=\"https:\/\/kohanews.al\/wp-content\/uploads\/2021\/10\/wewe.jpg\" alt=\"\" data-id=\"29763\" data-full-url=\"https:\/\/kohanews.al\/wp-content\/uploads\/2021\/10\/wewe.jpg\" data-link=\"https:\/\/kohanews.al\/e-fundit-nene-e-bir-hidhen-nga-pallati-ne-tirane-detajet\/wewe-2\/\" class=\"wp-image-29763\"\/><\/figure><\/li><\/ul><\/figure>\n\n\n\n<p>N\u00eb pamund\u00ebsi p\u00ebr t\u00eb dal\u00eb jasht\u00eb n\u00ebn\u00eb e bir jan\u00eb hedhur nga lart\u00ebsia, dritarja p\u00ebr t\u00eb shp\u00ebtuar, por 62 vje\u00e7arja ka nd\u00ebrruar jet\u00eb, nd\u00ebrsa djali i saj 36 vje\u00e7 ndodhet n\u00eb spital.<\/p>\n\n\n\n<p>Ende nuk dihen shkaqet q\u00eb kan\u00eb shkaktuar zjarrin. Grupi hetimor vijon pun\u00ebn p\u00ebr sqarimin e plot\u00eb t\u00eb rrethanave t\u00eb ngjarjes.<\/p>\n","protected":false},"excerpt":{"rendered":"<p>Nj\u00eb grua 62-vje\u00e7e ka nd\u00ebrruar jet\u00eb n\u00eb or\u00ebt e para t\u00eb dit\u00ebs s\u00eb sotme n\u00eb Tiran\u00eb si pasoj\u00eb e nj\u00eb ngjarje t\u00eb r\u00ebnd\u00eb q\u00eb ka ndodhur n\u00eb zon\u00ebn e \u201cAstirit\u201d nd\u00ebrsa djali i saj \u00ebsht\u00eb n\u00eb spital n\u00ebn kujdesin e mjek\u00ebve. Viktima \u00ebsht\u00eb Hava Osmenaj. I l\u00ebnduar ka mbetur djali i saj Klodjan Osmenaj. Sipas [&hellip;]<\/p>\n","protected":false},"author":1,"featured_media":29711,"comment_status":"open","ping_status":"open","sticky":false,"template":"","format":"standard","meta":{"jnews-multi-image_gallery":[],"jnews_single_post":[],"jnews_primary_category":[],"footnotes":""},"categories":[1],"tags":[],"class_list":["post-29758","post","type-post","status-publish","format-standard","has-post-thumbnail","hentry","category-news"],"_links":{"self":[{"href":"https:\/\/kohanews.al\/index.php?rest_route=\/wp\/v2\/posts\/29758","targetHints":{"allow":["GET"]}}],"collection":[{"href":"https:\/\/kohanews.al\/index.php?rest_route=\/wp\/v2\/posts"}],"about":[{"href":"https:\/\/kohanews.al\/index.php?rest_route=\/wp\/v2\/types\/post"}],"author":[{"embeddable":true,"href":"https:\/\/kohanews.al\/index.php?rest_route=\/wp\/v2\/users\/1"}],"replies":[{"embeddable":true,"href":"https:\/\/kohanews.al\/index.php?rest_route=%2Fwp%2Fv2%2Fcomments&post=29758"}],"version-history":[{"count":2,"href":"https:\/\/kohanews.al\/index.php?rest_route=\/wp\/v2\/posts\/29758\/revisions"}],"predecessor-version":[{"id":29765,"href":"https:\/\/kohanews.al\/index.php?rest_route=\/wp\/v2\/posts\/29758\/revisions\/29765"}],"wp:featuredmedia":[{"embeddable":true,"href":"https:\/\/kohanews.al\/index.php?rest_route=\/wp\/v2\/media\/29711"}],"wp:attachment":[{"href":"https:\/\/kohanews.al\/index.php?rest_route=%2Fwp%2Fv2%2Fmedia&parent=29758"}],"wp:term":[{"taxonomy":"category","embeddable":true,"href":"https:\/\/kohanews.al\/index.php?rest_route=%2Fwp%2Fv2%2Fcategories&post=29758"},{"taxonomy":"post_tag","embeddable":true,"href":"https:\/\/kohanews.al\/index.php?rest_route=%2Fwp%2Fv2%2Ftags&post=29758"}],"curies":[{"name":"wp","href":"https:\/\/api.w.org\/{rel}","templated":true}]}}