{"id":29865,"date":"2021-11-19T08:28:03","date_gmt":"2021-11-19T08:28:03","guid":{"rendered":"https:\/\/kohanews.al\/?p=29865"},"modified":"2021-11-19T08:31:27","modified_gmt":"2021-11-19T08:31:27","slug":"klodian-calamani-largohet-nga-burgu-i-fierit-ja-ku-e-kane-derguar","status":"publish","type":"post","link":"https:\/\/kohanews.al\/?p=29865","title":{"rendered":"Klodian \u00c7alamani largohet i trembur nga burgu i Fierit, ja ku e kane derguar"},"content":{"rendered":"\n<p>Klodian \u00c7alamani \u00ebsht\u00eb larguar nga paraburgimi i Fierit, p\u00ebr t\u2019u d\u00ebrguar n\u00eb at\u00eb t\u00eb Vlor\u00ebs.<\/p>\n\n\n\n<p>Shkak p\u00ebr transferimin e tij \u00ebsht\u00eb b\u00ebr\u00eb mund\u00ebsia e ndonj\u00eb sulmi ndaj tij n\u00eb burg, p\u00ebr shkak t\u00eb krimit t\u00eb r\u00ebnd\u00eb q\u00eb ai ka kryer.<\/p>\n\n\n\n<p>\u00c7alamani ka qen\u00eb i shoq\u00ebruar nga policia e burgjeve dhe policia e rendit kur \u00ebsht\u00eb transferuar n\u00eb Vlor\u00eb, ku&nbsp;\u00ebsht\u00eb shfaqur dhe i trembur.<\/p>\n\n\n\n<p>Gjat\u00eb dit\u00ebs s\u00eb sotme familjar\u00ebt e t\u00eb miturit q\u00ebndruan me or\u00eb t\u00eb t\u00ebra n\u00eb ambientet e Gjykat\u00ebs s\u00eb Fierit, nd\u00ebrkoh\u00eb q\u00eb p\u00ebr shkak t\u00eb tensionit masa ndaj \u00c7alamanit u dha n\u00eb munges\u00eb.<\/p>\n\n\n\n<p>Pas q\u00ebndrimit p\u00ebr disa or\u00eb n\u00eb ambientet jasht\u00eb Gjykat\u00ebs, dhe p\u00ebrplasjes me punonj\u00ebsit e rendit, familjar\u00ebt e t\u00eb miturit dol\u00ebn n\u00eb rrug\u00eb dhe n\u00eb qend\u00ebr t\u00eb Fierit, p\u00ebr t\u00eb mbledhur firma p\u00ebr peticion, q\u00eb k\u00ebrkon d\u00ebnimin e \u00c7alamanit me vdekje.<\/p>\n\n\n\n<p>Edhe pse n\u00eb vendin ton\u00eb \u00ebsht\u00eb i ndaluar d\u00ebnimi me vd ekje, familjar\u00ebt e Mateos k\u00ebrkojn\u00eb me \u00e7do kusht d\u00ebnimin ekstrem t\u00eb autorit.<\/p>\n","protected":false},"excerpt":{"rendered":"<p>Klodian \u00c7alamani \u00ebsht\u00eb larguar nga paraburgimi i Fierit, p\u00ebr t\u2019u d\u00ebrguar n\u00eb at\u00eb t\u00eb Vlor\u00ebs. Shkak p\u00ebr transferimin e tij \u00ebsht\u00eb b\u00ebr\u00eb mund\u00ebsia e ndonj\u00eb sulmi ndaj tij n\u00eb burg, p\u00ebr shkak t\u00eb krimit t\u00eb r\u00ebnd\u00eb q\u00eb ai ka kryer. \u00c7alamani ka qen\u00eb i shoq\u00ebruar nga policia e burgjeve dhe policia e rendit kur \u00ebsht\u00eb [&hellip;]<\/p>\n","protected":false},"author":1,"featured_media":0,"comment_status":"open","ping_status":"open","sticky":false,"template":"","format":"standard","meta":{"jnews-multi-image_gallery":[],"jnews_single_post":[],"jnews_primary_category":[],"footnotes":""},"categories":[1],"tags":[],"class_list":["post-29865","post","type-post","status-publish","format-standard","hentry","category-news"],"_links":{"self":[{"href":"https:\/\/kohanews.al\/index.php?rest_route=\/wp\/v2\/posts\/29865","targetHints":{"allow":["GET"]}}],"collection":[{"href":"https:\/\/kohanews.al\/index.php?rest_route=\/wp\/v2\/posts"}],"about":[{"href":"https:\/\/kohanews.al\/index.php?rest_route=\/wp\/v2\/types\/post"}],"author":[{"embeddable":true,"href":"https:\/\/kohanews.al\/index.php?rest_route=\/wp\/v2\/users\/1"}],"replies":[{"embeddable":true,"href":"https:\/\/kohanews.al\/index.php?rest_route=%2Fwp%2Fv2%2Fcomments&post=29865"}],"version-history":[{"count":2,"href":"https:\/\/kohanews.al\/index.php?rest_route=\/wp\/v2\/posts\/29865\/revisions"}],"predecessor-version":[{"id":29868,"href":"https:\/\/kohanews.al\/index.php?rest_route=\/wp\/v2\/posts\/29865\/revisions\/29868"}],"wp:attachment":[{"href":"https:\/\/kohanews.al\/index.php?rest_route=%2Fwp%2Fv2%2Fmedia&parent=29865"}],"wp:term":[{"taxonomy":"category","embeddable":true,"href":"https:\/\/kohanews.al\/index.php?rest_route=%2Fwp%2Fv2%2Fcategories&post=29865"},{"taxonomy":"post_tag","embeddable":true,"href":"https:\/\/kohanews.al\/index.php?rest_route=%2Fwp%2Fv2%2Ftags&post=29865"}],"curies":[{"name":"wp","href":"https:\/\/api.w.org\/{rel}","templated":true}]}}