{"id":29873,"date":"2021-11-19T15:51:26","date_gmt":"2021-11-19T15:51:26","guid":{"rendered":"https:\/\/kohanews.al\/?p=29873"},"modified":"2021-11-19T15:57:44","modified_gmt":"2021-11-19T15:57:44","slug":"mira-konci-reagon-pas-lajmeve-per-ndarjen-nga-shpetim-saraci","status":"publish","type":"post","link":"https:\/\/kohanews.al\/?p=29873","title":{"rendered":"Mira Kon\u00e7i reagon pas lajmeve p\u00ebr ndarjen nga Shp\u00ebtim Sara\u00e7i"},"content":{"rendered":"\n<p>Dit\u00ebt e fundit n\u00eb media Mira Kon\u00e7i dhe Shp\u00ebtim Sara\u00e7i kan\u00eb qen\u00eb n\u00eb v\u00ebmendje t\u00eb madhe, p\u00ebr shkak t\u00eb lajmeve se \u00e7ifti i ka dh\u00ebn\u00eb fund martes\u00ebs s\u00eb tyre shum\u00ebvje\u00e7are.<\/p>\n\n\n\n<p>Shp\u00ebtimi nuk ka reaguar pas k\u00ebtyre lajmeve nd\u00ebrsa Mira ka reaguar duke postuar n\u00eb Instagram foto e video ku shfaqet n\u00eb form\u00eb t\u00eb p\u00ebrkryer, aq sa edhe ndjek\u00ebsit ia v\u00ebn\u00eb n\u00eb pah k\u00ebt\u00eb.<a href=\"https:\/\/i2.wp.com\/shqiptari.net\/wp-content\/uploads\/2021\/11\/mira.jpg?ssl=1\"><\/a><\/p>\n\n\n\n<figure class=\"wp-block-image size-full\"><img decoding=\"async\" src=\"https:\/\/kohanews.al\/wp-content\/uploads\/2021\/11\/mira.jpg\" alt=\"\" class=\"wp-image-29875\"\/><\/figure>\n\n\n\n<p>Lajmi i ndarjes u b\u00eb fillimisht i ditur nga \u201cAlbeu.com\u201d, mir\u00ebpo arsyet nuk jan\u00eb b\u00ebr\u00eb ende t\u00eb ditura. \u00c7ifti u shp\u00ebrngul\u00ebn para kat\u00ebr vitesh n\u00eb SHBA bashk\u00eb me familjen e tyre.<\/p>\n\n\n\n<p>Mira dhe vajza e tyre vazhdojn\u00eb t\u00eb jen\u00eb atje, por Sara\u00e7i \u00ebsht\u00eb kthyer n\u00eb Shqip\u00ebri, nd\u00ebrsa nuk dihet ku po q\u00ebndron i biri.<\/p>\n\n\n\n<p>P\u00ebr m\u00eb tep\u00ebr dyshja nuk ndiqen m\u00eb as n\u00eb rrjete sociale dhe kan\u00eb fshir\u00eb \u00e7do foto t\u00eb p\u00ebrbashk\u00ebt.<\/p>\n","protected":false},"excerpt":{"rendered":"<p>Dit\u00ebt e fundit n\u00eb media Mira Kon\u00e7i dhe Shp\u00ebtim Sara\u00e7i kan\u00eb qen\u00eb n\u00eb v\u00ebmendje t\u00eb madhe, p\u00ebr shkak t\u00eb lajmeve se \u00e7ifti i ka dh\u00ebn\u00eb fund martes\u00ebs s\u00eb tyre shum\u00ebvje\u00e7are. Shp\u00ebtimi nuk ka reaguar pas k\u00ebtyre lajmeve nd\u00ebrsa Mira ka reaguar duke postuar n\u00eb Instagram foto e video ku shfaqet n\u00eb form\u00eb t\u00eb p\u00ebrkryer, aq [&hellip;]<\/p>\n","protected":false},"author":1,"featured_media":0,"comment_status":"open","ping_status":"open","sticky":false,"template":"","format":"standard","meta":{"jnews-multi-image_gallery":[],"jnews_single_post":[],"jnews_primary_category":[],"footnotes":""},"categories":[1],"tags":[],"class_list":["post-29873","post","type-post","status-publish","format-standard","hentry","category-news"],"_links":{"self":[{"href":"https:\/\/kohanews.al\/index.php?rest_route=\/wp\/v2\/posts\/29873","targetHints":{"allow":["GET"]}}],"collection":[{"href":"https:\/\/kohanews.al\/index.php?rest_route=\/wp\/v2\/posts"}],"about":[{"href":"https:\/\/kohanews.al\/index.php?rest_route=\/wp\/v2\/types\/post"}],"author":[{"embeddable":true,"href":"https:\/\/kohanews.al\/index.php?rest_route=\/wp\/v2\/users\/1"}],"replies":[{"embeddable":true,"href":"https:\/\/kohanews.al\/index.php?rest_route=%2Fwp%2Fv2%2Fcomments&post=29873"}],"version-history":[{"count":1,"href":"https:\/\/kohanews.al\/index.php?rest_route=\/wp\/v2\/posts\/29873\/revisions"}],"predecessor-version":[{"id":29876,"href":"https:\/\/kohanews.al\/index.php?rest_route=\/wp\/v2\/posts\/29873\/revisions\/29876"}],"wp:attachment":[{"href":"https:\/\/kohanews.al\/index.php?rest_route=%2Fwp%2Fv2%2Fmedia&parent=29873"}],"wp:term":[{"taxonomy":"category","embeddable":true,"href":"https:\/\/kohanews.al\/index.php?rest_route=%2Fwp%2Fv2%2Fcategories&post=29873"},{"taxonomy":"post_tag","embeddable":true,"href":"https:\/\/kohanews.al\/index.php?rest_route=%2Fwp%2Fv2%2Ftags&post=29873"}],"curies":[{"name":"wp","href":"https:\/\/api.w.org\/{rel}","templated":true}]}}