{"id":29892,"date":"2021-11-23T15:15:17","date_gmt":"2021-11-23T15:15:17","guid":{"rendered":"https:\/\/kohanews.al\/?p=29892"},"modified":"2021-11-23T15:17:21","modified_gmt":"2021-11-23T15:17:21","slug":"djali-i-fshinte-lotet-rrefimi-prekes-per-djalin-e-hueyda-el-sayed","status":"publish","type":"post","link":"https:\/\/kohanews.al\/?p=29892","title":{"rendered":"Djali i fshinte lot\u00ebt, rr\u00ebfimi prek\u00ebs p\u00ebr djalin e Hueyda El Sayed"},"content":{"rendered":"\n<p>Hueyda El Sayed ishte e njohur p\u00ebr natyr\u00ebn e saj te forte. Artistja multidimensionale, e cila k\u00ebt\u00eb t\u00eb mart\u00eb u nda nga jeta, ka qen\u00eb e ftuar her\u00eb pas here n\u00eb emisionet n\u00eb ekranin e Tv Klan.<\/p>\n\n\n\n<p>N\u00eb nj\u00eb nga daljet n\u00eb emisionin \u201cRudina\u201d, ajo ka qen\u00eb prezente n\u00eb studio bashk\u00eb me djalin e saj, Gabrielin.<\/p>\n\n\n\n<p>Gjat\u00eb intervist\u00ebs, Hueyda p\u00ebrve\u00e7 t\u00eb qeshurave q\u00eb shkaktonte n\u00eb sall\u00eb gjat\u00eb bashk\u00ebbisedimit me t\u00eb birin, ndau edhe nj\u00eb moment moment mjaft prek\u00ebs me t\u00eb, referuar divorcit.<\/p>\n\n\n\n<figure class=\"wp-block-image\"><a href=\"https:\/\/i0.wp.com\/shqiptari.net\/wp-content\/uploads\/2021\/11\/huyeda1.jpg?ssl=1\"><img decoding=\"async\" src=\"https:\/\/i0.wp.com\/shqiptari.net\/wp-content\/uploads\/2021\/11\/huyeda1.jpg?resize=640%2C359&amp;is-pending-load=1#038;ssl=1\" alt=\"\"\/><\/a><\/figure>\n\n\n\n<p><strong>Hueyda El Sayed<\/strong><em><strong>:&nbsp;<\/strong>P\u00ebr hir t\u00eb s\u00eb v\u00ebrtet\u00ebs, un\u00eb e mbroj shum\u00eb Gabrielin, edhe p\u00ebr vet\u00eb situat\u00ebn q\u00eb kemi p\u00ebrjetuar s\u00eb bashku, un\u00eb e mbroj dhe kam vendosur edhe di\u00e7ka tjet\u00ebr, q\u00eb mos t\u2019i them vet\u00ebm \u201cjo, mos e b\u00ebj k\u00ebt\u00eb\u201d. Dua q\u00eb t\u2019ia shpjegoj pse nuk duhet ta b\u00ebj\u00eb k\u00ebt\u00eb gj\u00eb, kur b\u00ebn nj\u00eb gabim ia shpjegoj. Mund t\u00eb konsiderohem mama liberale, por ka raste edhe q\u00eb e ngre z\u00ebrin, i b\u00ebrtas. Sigurisht q\u00eb edhe e kam llastuar shum\u00eb, e kam mbrojtur m\u00eb shum\u00eb se\u00e7 duhet, si\u00e7 thon\u00eb t\u00eb tjer\u00ebt, por q\u00eb Gabrieli ka qen\u00eb nga personat e par\u00eb q\u00eb m\u00eb fshinte lot\u00ebt kur qaja nga situata q\u00eb u krijua para dy vjet\u00ebsh.<\/em><\/p>\n\n\n\n<p><strong>Rudina Magjistari:&nbsp;<\/strong><em>Po m\u00eb tregoje ai momenti, ishte prek\u00ebs kur po m\u00eb tregoje q\u00eb t\u00eb ka fshir\u00eb lot\u00ebt Gabrieli, kur ke qen\u00eb e trishtuar.<\/em><\/p>\n\n\n\n<p><strong>Hueyda El Sayed<\/strong><em><strong>:\u00a0<\/strong>Ndoshta edhe kjo \u00ebsht\u00eb ndier\u00eb, p\u00ebrve\u00e7 faktit q\u00eb \u00ebsht\u00eb im bir dhe un\u00eb do t\u00eb jem gjithnj\u00eb fansja e do ta mbroj n\u00eb \u00e7do moment, ka qen\u00eb i pari q\u00eb ka p\u00ebrjetuar dhimbjen ton\u00eb n\u00eb fakt dhe vinte aty e m\u00eb thoshte: \u201dMami mos qaj\u201d dhe m\u00eb fshinte lot\u00ebt dhe aty un\u00eb qaja akoma m\u00eb shum\u00eb sepse nj\u00eb f\u00ebmij\u00eb dy vje\u00e7 nuk ka t\u00eb drejt\u00eb q\u00eb t\u00eb fshij\u00eb lot\u00ebt e mamas\u00eb s\u00eb tij.<\/em><\/p>\n\n\n\n<iframe width=\"953\" height=\"536\" src=\"https:\/\/www.youtube.com\/embed\/MytYp0QaE9c\" title=\"YouTube video player\" frameborder=\"0\" allow=\"accelerometer; autoplay; clipboard-write; encrypted-media; gyroscope; picture-in-picture\" allowfullscreen><\/iframe>\n","protected":false},"excerpt":{"rendered":"<p>Hueyda El Sayed ishte e njohur p\u00ebr natyr\u00ebn e saj te forte. Artistja multidimensionale, e cila k\u00ebt\u00eb t\u00eb mart\u00eb u nda nga jeta, ka qen\u00eb e ftuar her\u00eb pas here n\u00eb emisionet n\u00eb ekranin e Tv Klan. N\u00eb nj\u00eb nga daljet n\u00eb emisionin \u201cRudina\u201d, ajo ka qen\u00eb prezente n\u00eb studio bashk\u00eb me djalin e saj, [&hellip;]<\/p>\n","protected":false},"author":1,"featured_media":0,"comment_status":"open","ping_status":"open","sticky":false,"template":"","format":"standard","meta":{"jnews-multi-image_gallery":[],"jnews_single_post":[],"jnews_primary_category":[],"footnotes":""},"categories":[1],"tags":[],"class_list":["post-29892","post","type-post","status-publish","format-standard","hentry","category-news"],"_links":{"self":[{"href":"https:\/\/kohanews.al\/index.php?rest_route=\/wp\/v2\/posts\/29892","targetHints":{"allow":["GET"]}}],"collection":[{"href":"https:\/\/kohanews.al\/index.php?rest_route=\/wp\/v2\/posts"}],"about":[{"href":"https:\/\/kohanews.al\/index.php?rest_route=\/wp\/v2\/types\/post"}],"author":[{"embeddable":true,"href":"https:\/\/kohanews.al\/index.php?rest_route=\/wp\/v2\/users\/1"}],"replies":[{"embeddable":true,"href":"https:\/\/kohanews.al\/index.php?rest_route=%2Fwp%2Fv2%2Fcomments&post=29892"}],"version-history":[{"count":1,"href":"https:\/\/kohanews.al\/index.php?rest_route=\/wp\/v2\/posts\/29892\/revisions"}],"predecessor-version":[{"id":29894,"href":"https:\/\/kohanews.al\/index.php?rest_route=\/wp\/v2\/posts\/29892\/revisions\/29894"}],"wp:attachment":[{"href":"https:\/\/kohanews.al\/index.php?rest_route=%2Fwp%2Fv2%2Fmedia&parent=29892"}],"wp:term":[{"taxonomy":"category","embeddable":true,"href":"https:\/\/kohanews.al\/index.php?rest_route=%2Fwp%2Fv2%2Fcategories&post=29892"},{"taxonomy":"post_tag","embeddable":true,"href":"https:\/\/kohanews.al\/index.php?rest_route=%2Fwp%2Fv2%2Ftags&post=29892"}],"curies":[{"name":"wp","href":"https:\/\/api.w.org\/{rel}","templated":true}]}}