{"id":29895,"date":"2021-11-24T18:44:20","date_gmt":"2021-11-24T18:44:20","guid":{"rendered":"https:\/\/kohanews.al\/?p=29895"},"modified":"2021-11-24T18:44:32","modified_gmt":"2021-11-24T18:44:32","slug":"i-ra-te-fiket-live-ne-emision-familja-e-fifit-del-sot-me-deklaraten-e-forte","status":"publish","type":"post","link":"https:\/\/kohanews.al\/?p=29895","title":{"rendered":"I ra te fiket live n\u00eb emision, familja e Fifit del sot me deklarat\u00ebn e fort\u00eb"},"content":{"rendered":"\n<p>K\u00ebng\u00ebtares Fifi mbr\u00ebmjen e djeshme i ra t\u00eb fik\u00ebt gjat\u00eb spektaklit t\u00eb Big Brother Vip pas nj\u00eb debate me opinionisten Balina Bodinaku.<\/p>\n\n\n\n<p>Fifi k\u00ebrkoi t\u00eb dilte nga sht\u00ebpia, por m\u00eb von\u00eb ndryshoi mendje.<\/p>\n\n\n\n<p>K\u00ebng\u00ebtarja i ka shqet\u00ebsuar t\u00eb gjith\u00eb ata q\u00eb po e ndiqnin, e sidomos familjen. Motra e saj, Edona ka reaguar s\u00eb fundmi me an\u00eb t\u00eb nj\u00eb postimi n\u00eb rrjete sociale.<\/p>\n\n\n\n<figure class=\"wp-block-image size-full\"><img decoding=\"async\" src=\"https:\/\/kohanews.al\/wp-content\/uploads\/2021\/11\/Fifi-600x360-1.jpg\" alt=\"\" class=\"wp-image-29897\"\/><\/figure>\n\n\n\n<p>\u201cMotra ime e fort\u00eb, m\u00eb fal q\u00eb nuk jam aty ta mbaj dor\u00ebn dhe t\u00eb t\u00eb them se je njeriu m\u00eb i drejt\u00eb dhe me zemr\u00ebn m\u00eb t\u00eb madhe! Sa keq m\u00eb vjen q\u00eb sinqeriteti jot \u00ebsht\u00eb keqp\u00ebrdorur aq shum\u00eb! U luta shum\u00eb t\u00eb thuash se dua t\u00eb dal, p\u00ebr t\u00eb vetmen arsye se m\u00eb ka marr\u00eb malli shum\u00eb p\u00ebr ty dhe u g\u00ebzova shum\u00eb q\u00eb nuk e the se e di q\u00eb do reflektosh dhe do i bind\u00ebsh t\u00eb gjith\u00eb se je nj\u00eb shpirt artisti. <\/p>\n\n\n\n<p>\u00cbsht\u00eb e v\u00ebrtet\u00eb se nuk t\u00eb duhet fitorja e Big Brother p\u00ebrpara sh\u00ebndetit t\u00ebnd, por \u00ebsht\u00eb di\u00e7ka q\u00eb do e kalosh, ke kaluar sfida m\u00eb t\u00eb r\u00ebnda dhe jam e bindur se do e p\u00ebrballosh k\u00ebt\u00eb. T\u00eb dua shum\u00eb!\u201d, ka shkruar ajo.<\/p>\n","protected":false},"excerpt":{"rendered":"<p>K\u00ebng\u00ebtares Fifi mbr\u00ebmjen e djeshme i ra t\u00eb fik\u00ebt gjat\u00eb spektaklit t\u00eb Big Brother Vip pas nj\u00eb debate me opinionisten Balina Bodinaku. Fifi k\u00ebrkoi t\u00eb dilte nga sht\u00ebpia, por m\u00eb von\u00eb ndryshoi mendje. K\u00ebng\u00ebtarja i ka shqet\u00ebsuar t\u00eb gjith\u00eb ata q\u00eb po e ndiqnin, e sidomos familjen. Motra e saj, Edona ka reaguar s\u00eb fundmi [&hellip;]<\/p>\n","protected":false},"author":1,"featured_media":0,"comment_status":"open","ping_status":"open","sticky":false,"template":"","format":"standard","meta":{"jnews-multi-image_gallery":[],"jnews_single_post":[],"jnews_primary_category":[],"footnotes":""},"categories":[1],"tags":[],"class_list":["post-29895","post","type-post","status-publish","format-standard","hentry","category-news"],"_links":{"self":[{"href":"https:\/\/kohanews.al\/index.php?rest_route=\/wp\/v2\/posts\/29895","targetHints":{"allow":["GET"]}}],"collection":[{"href":"https:\/\/kohanews.al\/index.php?rest_route=\/wp\/v2\/posts"}],"about":[{"href":"https:\/\/kohanews.al\/index.php?rest_route=\/wp\/v2\/types\/post"}],"author":[{"embeddable":true,"href":"https:\/\/kohanews.al\/index.php?rest_route=\/wp\/v2\/users\/1"}],"replies":[{"embeddable":true,"href":"https:\/\/kohanews.al\/index.php?rest_route=%2Fwp%2Fv2%2Fcomments&post=29895"}],"version-history":[{"count":1,"href":"https:\/\/kohanews.al\/index.php?rest_route=\/wp\/v2\/posts\/29895\/revisions"}],"predecessor-version":[{"id":29898,"href":"https:\/\/kohanews.al\/index.php?rest_route=\/wp\/v2\/posts\/29895\/revisions\/29898"}],"wp:attachment":[{"href":"https:\/\/kohanews.al\/index.php?rest_route=%2Fwp%2Fv2%2Fmedia&parent=29895"}],"wp:term":[{"taxonomy":"category","embeddable":true,"href":"https:\/\/kohanews.al\/index.php?rest_route=%2Fwp%2Fv2%2Fcategories&post=29895"},{"taxonomy":"post_tag","embeddable":true,"href":"https:\/\/kohanews.al\/index.php?rest_route=%2Fwp%2Fv2%2Ftags&post=29895"}],"curies":[{"name":"wp","href":"https:\/\/api.w.org\/{rel}","templated":true}]}}