{"id":29922,"date":"2021-11-25T18:54:48","date_gmt":"2021-11-25T18:54:48","guid":{"rendered":"https:\/\/kohanews.al\/?p=29922"},"modified":"2021-11-25T18:57:46","modified_gmt":"2021-11-25T18:57:46","slug":"lajmi-i-fundit-nga-janari-udhetimet-drejt-be-vetem-me-dozen-e-trete","status":"publish","type":"post","link":"https:\/\/kohanews.al\/?p=29922","title":{"rendered":"Lajmi i fundit: Nga janari, udh\u00ebtimet drejt BE vet\u00ebm me doz\u00ebn e tret\u00eb"},"content":{"rendered":"\n<p>Komisioni Evropian (KE) ka futur doz\u00ebn e tret\u00eb t\u00eb vak sin\u00ebs t\u00eb ashtuquajtur \u2018booster\u2019 si parakusht p\u00ebr udh\u00ebtim brenda Bashkimit Evropian p\u00ebr qytetar\u00ebt e t\u00eb ashtuquajtur\u00ebs, bot\u00ebs s\u00eb tret\u00eb, n\u00eb t\u00eb cil\u00ebn p\u00ebrfshihet edhe Ballkani Per\u00ebndimor.<\/p>\n\n\n\n<p>Ky vendim do t\u00eb hyj\u00eb n\u00eb fuqi nga 10 janari i vitit t\u00eb ardhsh\u00ebm, dat\u00eb nga e cila asnj\u00eb udh\u00ebtar\u00eb nuk do t\u00eb mund t\u00eb hyj\u00eb n\u00eb BE pa doz\u00ebn e tret\u00eb.<\/p>\n\n\n\n<p>Sipas vendimit t\u00eb k\u00ebtij institucioni, doza e tret\u00eb kund\u00ebr COVID-19 duhet t\u00eb jet\u00eb marr\u00eb m\u00eb s\u00eb voni n\u00ebnt\u00eb muaj nga doza e dyt\u00eb, n\u00eb m\u00ebnyr\u00eb q\u00eb udh\u00ebtar\u00ebt t\u00eb mund t\u00eb udh\u00ebtojn\u00eb brenda shteteve t\u00eb BE-s\u00eb. Ajo duhet t\u00eb jet\u00eb nj\u00ebra prej atyre t\u00eb miratuara nga Agjencia evropiane p\u00ebr Ila\u00e7e (EMA).<\/p>\n\n\n\n<p>Q\u00eb nga marsi i 2022-s, BE-ja do t\u00eb heq\u00eb dor\u00eb nga qasja e t\u00eb ashtuquajturave \u2018shteteve t\u00eb sigurta\u2019 me \u00e7\u2019rast shtetet shtoheshin ose largoheshin nga lista var\u00ebsisht nga situata epidemiologjike.<\/p>\n\n\n\n<p>Lista p\u00ebrdit\u00ebsohej \u00e7do dy jav\u00eb andaj shtetet shtoheshin ose largoheshin nga ajo. Q\u00eb nga viti i ardhsh\u00ebm, udh\u00ebtimet do t\u00eb lejohen n\u00eb baz\u00eb individuale vet\u00ebm p\u00ebr personat me t\u00eb tri dozat.<\/p>\n\n\n\n<p>\u201cPo largohemi nga qasja bazuar n\u00eb shtetin drejt qasjes individuale. Kjo n\u00ebnkupton q\u00eb t\u00eb gjith\u00eb njer\u00ebzit e vak sinuar mund t\u00eb hyjn\u00eb n\u00eb BE. N\u00ebse jeni t\u00eb vak sinuar ne nje prej atyre t\u00eb miratuar nga Komisioni Evropian, mund t\u00eb udh\u00ebtoni n\u00eb BE\u201d, njoftoi Ylva Jonhansson, komisionere evropiane p\u00ebr Pun\u00eb t\u00eb Brendshme.<\/p>\n\n\n\n<p>Reduktime p\u00ebr ato q\u00eb njihen si udh\u00ebtime t\u00eb par\u00ebnd\u00ebsishme, BE-ja i futi n\u00eb fillim t\u00eb vitit t\u00eb shkuar me q\u00ebllim t\u00eb parandalimit t\u00eb p\u00ebrhapjes s\u00eb pandemis\u00eb COVID-19.<\/p>\n\n\n\n<p>P\u00ebrgjat\u00eb sezonit veror k\u00ebt\u00eb vit ishin leht\u00ebsuar kushtet p\u00ebr udh\u00ebtim por numri n\u00eb rritje i personave t\u00eb infektuar me koronavirus detyroi BE-n\u00eb q\u00eb s\u00ebrish t\u00eb ashp\u00ebrsoj\u00eb masat.<\/p>\n\n\n\n<p>N\u00eb territorin e Bashkimit Evropian \u00ebsht\u00eb miratuar p\u00ebrdorimi i prodhuesve Moderna, Pfizer\/BioNTech, Johnson and Johnson si dhe Astra-Zeneca.<\/p>\n","protected":false},"excerpt":{"rendered":"<p>Komisioni Evropian (KE) ka futur doz\u00ebn e tret\u00eb t\u00eb vak sin\u00ebs t\u00eb ashtuquajtur \u2018booster\u2019 si parakusht p\u00ebr udh\u00ebtim brenda Bashkimit Evropian p\u00ebr qytetar\u00ebt e t\u00eb ashtuquajtur\u00ebs, bot\u00ebs s\u00eb tret\u00eb, n\u00eb t\u00eb cil\u00ebn p\u00ebrfshihet edhe Ballkani Per\u00ebndimor. Ky vendim do t\u00eb hyj\u00eb n\u00eb fuqi nga 10 janari i vitit t\u00eb ardhsh\u00ebm, dat\u00eb nga e cila asnj\u00eb [&hellip;]<\/p>\n","protected":false},"author":1,"featured_media":0,"comment_status":"open","ping_status":"open","sticky":false,"template":"","format":"standard","meta":{"jnews-multi-image_gallery":[],"jnews_single_post":[],"jnews_primary_category":[],"footnotes":""},"categories":[1],"tags":[],"class_list":["post-29922","post","type-post","status-publish","format-standard","hentry","category-news"],"_links":{"self":[{"href":"https:\/\/kohanews.al\/index.php?rest_route=\/wp\/v2\/posts\/29922","targetHints":{"allow":["GET"]}}],"collection":[{"href":"https:\/\/kohanews.al\/index.php?rest_route=\/wp\/v2\/posts"}],"about":[{"href":"https:\/\/kohanews.al\/index.php?rest_route=\/wp\/v2\/types\/post"}],"author":[{"embeddable":true,"href":"https:\/\/kohanews.al\/index.php?rest_route=\/wp\/v2\/users\/1"}],"replies":[{"embeddable":true,"href":"https:\/\/kohanews.al\/index.php?rest_route=%2Fwp%2Fv2%2Fcomments&post=29922"}],"version-history":[{"count":1,"href":"https:\/\/kohanews.al\/index.php?rest_route=\/wp\/v2\/posts\/29922\/revisions"}],"predecessor-version":[{"id":29924,"href":"https:\/\/kohanews.al\/index.php?rest_route=\/wp\/v2\/posts\/29922\/revisions\/29924"}],"wp:attachment":[{"href":"https:\/\/kohanews.al\/index.php?rest_route=%2Fwp%2Fv2%2Fmedia&parent=29922"}],"wp:term":[{"taxonomy":"category","embeddable":true,"href":"https:\/\/kohanews.al\/index.php?rest_route=%2Fwp%2Fv2%2Fcategories&post=29922"},{"taxonomy":"post_tag","embeddable":true,"href":"https:\/\/kohanews.al\/index.php?rest_route=%2Fwp%2Fv2%2Ftags&post=29922"}],"curies":[{"name":"wp","href":"https:\/\/api.w.org\/{rel}","templated":true}]}}