{"id":30489,"date":"2022-02-26T17:30:20","date_gmt":"2022-02-26T17:30:20","guid":{"rendered":"https:\/\/kohanews.al\/?p=30489"},"modified":"2022-02-26T17:36:17","modified_gmt":"2022-02-26T17:36:17","slug":"presidenti-ukrainas-falenderon-erdogan-populli-i-ukraines-nuk-do-ta-harroje-kurre-kete","status":"publish","type":"post","link":"https:\/\/kohanews.al\/?p=30489","title":{"rendered":"Vjen ndihma e madhe nga Turqia\/ Presidenti ukrainas falenderon Erdogan: Populli i Ukrain\u00ebs nuk do ta harroj\u00eb kurr\u00eb k\u00ebt\u00eb.."},"content":{"rendered":"\n<p>Turqia do t\u00eb ndaloj\u00eb anijet luftarake ruse t\u00eb kalojn\u00eb n\u00ebp\u00ebr Detin e Zi. K\u00ebshtu shkruan n\u00eb Twitter presidenti ukrainas Volodymyr Zelensky, teksa falenderon \u201cmikun e tij\u201d presidentin Erdogan dhe popullin e Turqis\u00eb, transmeton newsbomb.al.<\/p>\n\n\n\n<p>Dy dit\u00eb m\u00eb Ukraina i k\u00ebrkoi zyrtarisht Turqis\u00eb q\u00eb t\u00eb mbyllte ngushtic\u00ebn e Bosforit dhe at\u00eb t\u00eb Dardaneleve, si e vetmja m\u00ebnyr\u00eb q\u00eb luftanijet ruse t\u00eb mos kalonin n\u00eb Detin e Zi dhe m\u00eb pas t\u00eb ngren\u00eb avion\u00eb e l\u00ebshojn\u00eb raketa p\u00ebr t\u00eb shkat\u00ebrruar infrastruktur\u00ebn ushtarake t\u00eb fqinjve.<\/p>\n\n\n\n<p>\u201cFalenderoj mikun tim zotin President t\u00eb Turqis\u00eb Erdogan dhe popullin turk p\u00ebr mb\u00ebshtetjen e fort\u00eb. Ndalimi i kalimit t\u00eb anijeve luftarake ruse n\u00eb Detin e Zi dhe mb\u00ebshtetja e konsiderueshme ushtarake dhe humanitare p\u00ebr Ukrain\u00ebn jan\u00eb jasht\u00ebzakonisht t\u00eb r\u00ebnd\u00ebsishme sot. Populli i Ukrain\u00ebs nuk do ta harroj\u00eb kurr\u00eb k\u00ebt\u00eb\u201d, shkruan Zelensky.<\/p>\n\n\n\n<p>Vet\u00ebm Turqia kontrollon ngushticat sipas Konvent\u00ebs s\u00eb Montreux t\u00eb vitit 1936, e cila p\u00ebrcakton se anijet luftarake q\u00eb u p\u00ebrkasin kombeve n\u00eb kufi me Detin e Zi mund t\u00eb kalojn\u00eb, nd\u00ebrsa t\u00eb tjerat mund t\u00eb kalojn\u00eb p\u00ebr nj\u00eb koh\u00eb t\u00eb kufizuar vet\u00ebm n\u00ebse plot\u00ebsojn\u00eb disa kushte t\u00eb bazuara kryesisht n\u00eb tonazh.<\/p>\n","protected":false},"excerpt":{"rendered":"<p>Turqia do t\u00eb ndaloj\u00eb anijet luftarake ruse t\u00eb kalojn\u00eb n\u00ebp\u00ebr Detin e Zi. K\u00ebshtu shkruan n\u00eb Twitter presidenti ukrainas Volodymyr Zelensky, teksa falenderon \u201cmikun e tij\u201d presidentin Erdogan dhe popullin e Turqis\u00eb, transmeton newsbomb.al. Dy dit\u00eb m\u00eb Ukraina i k\u00ebrkoi zyrtarisht Turqis\u00eb q\u00eb t\u00eb mbyllte ngushtic\u00ebn e Bosforit dhe at\u00eb t\u00eb Dardaneleve, si e vetmja [&hellip;]<\/p>\n","protected":false},"author":1,"featured_media":0,"comment_status":"open","ping_status":"open","sticky":false,"template":"","format":"standard","meta":{"jnews-multi-image_gallery":[],"jnews_single_post":[],"jnews_primary_category":[],"footnotes":""},"categories":[1],"tags":[],"class_list":["post-30489","post","type-post","status-publish","format-standard","hentry","category-news"],"_links":{"self":[{"href":"https:\/\/kohanews.al\/index.php?rest_route=\/wp\/v2\/posts\/30489","targetHints":{"allow":["GET"]}}],"collection":[{"href":"https:\/\/kohanews.al\/index.php?rest_route=\/wp\/v2\/posts"}],"about":[{"href":"https:\/\/kohanews.al\/index.php?rest_route=\/wp\/v2\/types\/post"}],"author":[{"embeddable":true,"href":"https:\/\/kohanews.al\/index.php?rest_route=\/wp\/v2\/users\/1"}],"replies":[{"embeddable":true,"href":"https:\/\/kohanews.al\/index.php?rest_route=%2Fwp%2Fv2%2Fcomments&post=30489"}],"version-history":[{"count":2,"href":"https:\/\/kohanews.al\/index.php?rest_route=\/wp\/v2\/posts\/30489\/revisions"}],"predecessor-version":[{"id":30493,"href":"https:\/\/kohanews.al\/index.php?rest_route=\/wp\/v2\/posts\/30489\/revisions\/30493"}],"wp:attachment":[{"href":"https:\/\/kohanews.al\/index.php?rest_route=%2Fwp%2Fv2%2Fmedia&parent=30489"}],"wp:term":[{"taxonomy":"category","embeddable":true,"href":"https:\/\/kohanews.al\/index.php?rest_route=%2Fwp%2Fv2%2Fcategories&post=30489"},{"taxonomy":"post_tag","embeddable":true,"href":"https:\/\/kohanews.al\/index.php?rest_route=%2Fwp%2Fv2%2Ftags&post=30489"}],"curies":[{"name":"wp","href":"https:\/\/api.w.org\/{rel}","templated":true}]}}