{"id":30513,"date":"2022-02-27T21:35:30","date_gmt":"2022-02-27T21:35:30","guid":{"rendered":"https:\/\/kohanews.al\/?p=30513"},"modified":"2022-02-27T21:39:19","modified_gmt":"2022-02-27T21:39:19","slug":"vjen-lajmi-i-madh-nga-ukraina","status":"publish","type":"post","link":"https:\/\/kohanews.al\/?p=30513","title":{"rendered":"Vjen lajmi i madh nga Ukraina\ufffc"},"content":{"rendered":"\n<p>Presidenti ukrainas Volodymyr Zelensky ka konfirmuar se negociatat mes Kievit dhe Mosk\u00ebs do t\u00eb zhvillohen te henen ne m\u00ebngjes me koh\u00ebn lokale n\u00eb kufirin Bjellorusi-Ukrain\u00eb.<\/p>\n\n\n\n<p>Nj\u00eb deklarat\u00eb nga zyra e presidentit ukrainsa, m\u00ebsohet se dy delegacionet do t\u00eb takohen \u201cpa parakushte\u201d pran\u00eb lumit Pripyat, shkruan skynews.<\/p>\n\n\n\n<p>Zhvillimi erdhi pasi Alexander Lukashenko, presidenti i Bjellorusis\u00eb, i telefonoi Zelenskyy k\u00ebt\u00eb pasdite.<\/p>\n\n\n\n<p>\u201cAlexander Lukashenko ka marr\u00eb p\u00ebrgjegj\u00ebsin\u00eb p\u00ebr t\u00eb siguruar q\u00eb t\u00eb gjith\u00eb avion\u00ebt, helikopter\u00ebt dhe raketat e stacionuara n\u00eb territorin Bjellorus t\u00eb q\u00ebndrojn\u00eb n\u00eb terren gjat\u00eb udh\u00ebtimit, bisedimeve dhe kthimit t\u00eb delegacionit ukrainas\u201d, thuhet n\u00eb deklarat\u00eb.<\/p>\n\n\n\n<p>M\u00eb her\u00ebt, Zelenskyy kishte refuzuar q\u00eb Ukraina t\u00eb takohej me delegacionin rus n\u00eb Bjellorusi.<\/p>\n\n\n\n<p>\u201cDo t\u00eb them sinqerisht, si gjithmon\u00eb: nuk besoj shum\u00eb n\u00eb rezultatin e k\u00ebtij takimi, por le t\u00eb provojn\u00eb. N\u00eb m\u00ebnyr\u00eb q\u00eb asnj\u00eb qytetar i Ukrain\u00ebs t\u00eb mos ket\u00eb dyshim se un\u00eb, si president, nuk u p\u00ebrpoqa ta ndaloja luft\u00ebn kur ekzistonte qoft\u00eb edhe nj\u00eb shans i vog\u00ebl\u201d, tha Zelensky.<\/p>\n","protected":false},"excerpt":{"rendered":"<p>Presidenti ukrainas Volodymyr Zelensky ka konfirmuar se negociatat mes Kievit dhe Mosk\u00ebs do t\u00eb zhvillohen te henen ne m\u00ebngjes me koh\u00ebn lokale n\u00eb kufirin Bjellorusi-Ukrain\u00eb. Nj\u00eb deklarat\u00eb nga zyra e presidentit ukrainsa, m\u00ebsohet se dy delegacionet do t\u00eb takohen \u201cpa parakushte\u201d pran\u00eb lumit Pripyat, shkruan skynews. Zhvillimi erdhi pasi Alexander Lukashenko, presidenti i Bjellorusis\u00eb, i [&hellip;]<\/p>\n","protected":false},"author":1,"featured_media":29711,"comment_status":"open","ping_status":"open","sticky":false,"template":"","format":"standard","meta":{"jnews-multi-image_gallery":[],"jnews_single_post":[],"jnews_primary_category":[],"footnotes":""},"categories":[1],"tags":[],"class_list":["post-30513","post","type-post","status-publish","format-standard","has-post-thumbnail","hentry","category-news"],"_links":{"self":[{"href":"https:\/\/kohanews.al\/index.php?rest_route=\/wp\/v2\/posts\/30513","targetHints":{"allow":["GET"]}}],"collection":[{"href":"https:\/\/kohanews.al\/index.php?rest_route=\/wp\/v2\/posts"}],"about":[{"href":"https:\/\/kohanews.al\/index.php?rest_route=\/wp\/v2\/types\/post"}],"author":[{"embeddable":true,"href":"https:\/\/kohanews.al\/index.php?rest_route=\/wp\/v2\/users\/1"}],"replies":[{"embeddable":true,"href":"https:\/\/kohanews.al\/index.php?rest_route=%2Fwp%2Fv2%2Fcomments&post=30513"}],"version-history":[{"count":1,"href":"https:\/\/kohanews.al\/index.php?rest_route=\/wp\/v2\/posts\/30513\/revisions"}],"predecessor-version":[{"id":30514,"href":"https:\/\/kohanews.al\/index.php?rest_route=\/wp\/v2\/posts\/30513\/revisions\/30514"}],"wp:featuredmedia":[{"embeddable":true,"href":"https:\/\/kohanews.al\/index.php?rest_route=\/wp\/v2\/media\/29711"}],"wp:attachment":[{"href":"https:\/\/kohanews.al\/index.php?rest_route=%2Fwp%2Fv2%2Fmedia&parent=30513"}],"wp:term":[{"taxonomy":"category","embeddable":true,"href":"https:\/\/kohanews.al\/index.php?rest_route=%2Fwp%2Fv2%2Fcategories&post=30513"},{"taxonomy":"post_tag","embeddable":true,"href":"https:\/\/kohanews.al\/index.php?rest_route=%2Fwp%2Fv2%2Ftags&post=30513"}],"curies":[{"name":"wp","href":"https:\/\/api.w.org\/{rel}","templated":true}]}}