{"id":30553,"date":"2022-03-01T19:54:48","date_gmt":"2022-03-01T19:54:48","guid":{"rendered":"https:\/\/kohanews.al\/?p=30553"},"modified":"2022-03-01T19:55:06","modified_gmt":"2022-03-01T19:55:06","slug":"paralajmerimi-i-frikshem-nese-bie-ukraina-e-kemi-rradhen-ne-askush-nuk-eshte-i-sigurt-me-putinin","status":"publish","type":"post","link":"https:\/\/kohanews.al\/?p=30553","title":{"rendered":"Paralajm\u00ebrimi i friksh\u00ebm\/ \u201cN\u00ebse bie Ukraina, e kemi rradh\u00ebn ne&#8230; Askush nuk \u00ebsht\u00eb i sigurt me Putinin\u201d"},"content":{"rendered":"\n<p>Presidenti i Lituanis\u00eb Gitanas Nauseda paralajm\u00ebroi se asnj\u00eb vend n\u00eb Evrop\u00eb \u201cnuk mund t\u00eb ndihet i sigurt\u201d kur b\u00ebhet fjal\u00eb p\u00ebr presidentin Putin, pasi pushtimi rus n\u00eb Ukrain\u00eb hyri n\u00eb dit\u00ebn e tij t\u00eb gjasht\u00eb.<\/p>\n\n\n\n<p><br>\u201cAsnj\u00eb vend n\u00eb Bashkimin Evropian [BE], n\u00eb Evrop\u00eb nuk mund t\u00eb ndihet i sigurt tani. Po, Ukraina \u00ebsht\u00eb objektivi num\u00ebr nj\u00eb, por n\u00ebse ne nuk mund ta mb\u00ebshtesim Ukrain\u00ebn, n\u00ebse Ukraina do t\u00eb bjer\u00eb \u2013 sigurohuni q\u00eb ne do t\u00eb jemi t\u00eb radh\u00ebs, se Rusia do t\u00eb q\u00ebndroj\u00eb n\u00eb dyert tona, \u201ctha Nauseda p\u00ebr CNN kur u pyet n\u00ebse Putini mund ta kthej\u00eb v\u00ebmendjen e tij n\u00eb nj\u00eb moment n\u00eb shtetet baltike si Lituania, Estonia dhe Letonia.<\/p>\n\n\n\n<p>T\u00eb b\u00ebhesh an\u00ebtare e bllokut \u00ebsht\u00eb nj\u00eb procedur\u00eb komplekse dhe Ukraina nuk \u00ebsht\u00eb aktualisht nj\u00eb kandidat zyrtar p\u00ebr an\u00ebtar\u00ebsim n\u00eb BE.<\/p>\n","protected":false},"excerpt":{"rendered":"<p>Presidenti i Lituanis\u00eb Gitanas Nauseda paralajm\u00ebroi se asnj\u00eb vend n\u00eb Evrop\u00eb \u201cnuk mund t\u00eb ndihet i sigurt\u201d kur b\u00ebhet fjal\u00eb p\u00ebr presidentin Putin, pasi pushtimi rus n\u00eb Ukrain\u00eb hyri n\u00eb dit\u00ebn e tij t\u00eb gjasht\u00eb. \u201cAsnj\u00eb vend n\u00eb Bashkimin Evropian [BE], n\u00eb Evrop\u00eb nuk mund t\u00eb ndihet i sigurt tani. Po, Ukraina \u00ebsht\u00eb objektivi num\u00ebr [&hellip;]<\/p>\n","protected":false},"author":1,"featured_media":0,"comment_status":"open","ping_status":"open","sticky":false,"template":"","format":"standard","meta":{"jnews-multi-image_gallery":[],"jnews_single_post":[],"jnews_primary_category":[],"footnotes":""},"categories":[1],"tags":[],"class_list":["post-30553","post","type-post","status-publish","format-standard","hentry","category-news"],"_links":{"self":[{"href":"https:\/\/kohanews.al\/index.php?rest_route=\/wp\/v2\/posts\/30553","targetHints":{"allow":["GET"]}}],"collection":[{"href":"https:\/\/kohanews.al\/index.php?rest_route=\/wp\/v2\/posts"}],"about":[{"href":"https:\/\/kohanews.al\/index.php?rest_route=\/wp\/v2\/types\/post"}],"author":[{"embeddable":true,"href":"https:\/\/kohanews.al\/index.php?rest_route=\/wp\/v2\/users\/1"}],"replies":[{"embeddable":true,"href":"https:\/\/kohanews.al\/index.php?rest_route=%2Fwp%2Fv2%2Fcomments&post=30553"}],"version-history":[{"count":1,"href":"https:\/\/kohanews.al\/index.php?rest_route=\/wp\/v2\/posts\/30553\/revisions"}],"predecessor-version":[{"id":30555,"href":"https:\/\/kohanews.al\/index.php?rest_route=\/wp\/v2\/posts\/30553\/revisions\/30555"}],"wp:attachment":[{"href":"https:\/\/kohanews.al\/index.php?rest_route=%2Fwp%2Fv2%2Fmedia&parent=30553"}],"wp:term":[{"taxonomy":"category","embeddable":true,"href":"https:\/\/kohanews.al\/index.php?rest_route=%2Fwp%2Fv2%2Fcategories&post=30553"},{"taxonomy":"post_tag","embeddable":true,"href":"https:\/\/kohanews.al\/index.php?rest_route=%2Fwp%2Fv2%2Ftags&post=30553"}],"curies":[{"name":"wp","href":"https:\/\/api.w.org\/{rel}","templated":true}]}}