{"id":31201,"date":"2022-09-08T14:25:38","date_gmt":"2022-09-08T14:25:38","guid":{"rendered":"https:\/\/kohanews.al\/?p=31201"},"modified":"2022-09-08T15:15:29","modified_gmt":"2022-09-08T15:15:29","slug":"video-ndertimet-pa-leje-behet-konfiskimi-i-pare-i-nje-pallati-9-katesh-ne-tirane","status":"publish","type":"post","link":"https:\/\/kohanews.al\/?p=31201","title":{"rendered":"Nd\u00ebrtimet pa leje, behet konfiskimi i par\u00eb i nje pallati 9 kat\u00ebsh ne Tirane (VIDEO)"},"content":{"rendered":"\n<p>Ka nisur k\u00ebt\u00eb t\u00eb enjte zbatimi i vendimit t\u00eb qeveris\u00eb p\u00ebr konfiskimin e pallateve e kateve e t\u00eb metrave shtes\u00eb t\u00eb nd\u00ebrtuara n\u00eb shkelje t\u00eb ligjit e t\u00eb lejes s\u00eb nd\u00ebrtimit.<\/p>\n\n\n\n<p>Ministja e Infrastruktur\u00ebs, Belinda Balluku ndodhej n\u00eb Fark\u00eb, ku \u00ebsht\u00eb konfiskuarnj\u00eb pallat 9 kat\u00ebsh pa leje. Pallati ishte pa leje dhe do t\u00eb kaloj\u00eb n\u00eb llogari t\u00eb shtetit.<\/p>\n\n\n\n<p><em>\u201cNdodhemi n\u00eb Fark\u00eb ky \u00ebsht\u00eb komunikimi i par\u00eb publik q\u00eb ne po b\u00ebjm\u00eb sa i p\u00ebrket vendimit q\u00eb u mor me VKM, \u00ebsht\u00eb nj\u00eb VKM q\u00eb ka t\u00eb b\u00ebj\u00eb m\u00eb nd\u00ebrtimet pa leje q\u00eb do t\u00eb konfiskohen dhe p\u00ebrdorim n\u00eb t\u00eb mir\u00eb publikut. Ky \u00ebsht\u00eb nj\u00eb shembull pse kemi zgjedhur t\u00eb vijm\u00eb n\u00eb Fark\u00eb dhe t\u00eb zgjedhim k\u00ebt\u00eb nd\u00ebrtes &nbsp;simbolik\u00eb e shklejes s\u00eb ligjit 7 kate mbi tok\u00eb dy n\u00ebntok\u00eb, 9 kate nd\u00ebrtim pa lej\u00eb\u201d, tha Balluku.<\/em><\/p>\n\n\n\n<p>Sakaq, kryeministri Rama b\u00ebn me dije n\u00eb \u201cFacebook\u201d se nd\u00ebrtuesit mund t\u2019i parablejn\u00eb ato me nj\u00eb \u00e7mim t\u00eb indeksuar mbi \u00e7mimin real t\u00eb tregut dhe parat\u00eb e p\u00ebrfituara do t\u00eb derdhen n\u00eb fondin e shpron\u00ebsimeve t\u00eb Unaz\u00ebs s\u00eb Re ose mund t\u2019i dhurojn\u00eb, q\u00eb t\u00eb p\u00ebrdoren si apartamente p\u00ebr strehim social apo mjedise zyrash p\u00ebr institucionet.<\/p>\n\n\n\n<p>Nd\u00ebrkoh\u00eb p\u00ebr t\u00eb gjitha rastet ka edhe nj\u00eb gjob\u00eb p\u00ebr \u00e7do met\u00ebr katror dhe p\u00ebr rastet kur nd\u00ebrtuesi nuk pranon opsionet parablerje apo dhurat\u00eb q\u00eb \u00e7ojn\u00eb n\u00eb ligj\u00ebrimin e shtesave p\u00ebr arsye sociale, ai ndiqet edhe penalisht sipas ligjit.<\/p>\n\n\n\n<iframe src=\"https:\/\/www.facebook.com\/plugins\/video.php?href=https%3A%2F%2Fwww.facebook.com%2Fediramaal%2Fvideos%2F1667702640276572%2F&#038;show_text=0&#038;width=560\" width=\"560\" height=\"315\" style=\"border:none;overflow:hidden\" scrolling=\"no\" frameborder=\"0\" allowfullscreen=\"true\" allow=\"autoplay; clipboard-write; encrypted-media; picture-in-picture; web-share\" allowFullScreen=\"true\"><\/iframe>\n","protected":false},"excerpt":{"rendered":"<p>Ka nisur k\u00ebt\u00eb t\u00eb enjte zbatimi i vendimit t\u00eb qeveris\u00eb p\u00ebr konfiskimin e pallateve e kateve e t\u00eb metrave shtes\u00eb t\u00eb nd\u00ebrtuara n\u00eb shkelje t\u00eb ligjit e t\u00eb lejes s\u00eb nd\u00ebrtimit. Ministja e Infrastruktur\u00ebs, Belinda Balluku ndodhej n\u00eb Fark\u00eb, ku \u00ebsht\u00eb konfiskuarnj\u00eb pallat 9 kat\u00ebsh pa leje. Pallati ishte pa leje dhe do t\u00eb kaloj\u00eb [&hellip;]<\/p>\n","protected":false},"author":1,"featured_media":0,"comment_status":"open","ping_status":"open","sticky":false,"template":"","format":"standard","meta":{"jnews-multi-image_gallery":[],"jnews_single_post":{"subtitle":"","format":"standard","video":"","gallery":"","source_name":"","source_url":"","via_name":"","via_url":"","override_template":"0","override":[{"template":"1","single_blog_custom":"","parallax":"1","fullscreen":"1","layout":"right-sidebar","sidebar":"default-sidebar","second_sidebar":"default-sidebar","sticky_sidebar":"1","share_position":"top","share_float_style":"share-monocrhome","show_share_counter":"1","show_view_counter":"1","show_featured":"1","show_post_meta":"1","show_post_author":"1","show_post_author_image":"1","show_post_date":"1","post_date_format":"default","post_date_format_custom":"Y\/m\/d","show_post_category":"1","show_post_reading_time":"0","post_reading_time_wpm":"300","show_zoom_button":"0","zoom_button_out_step":"2","zoom_button_in_step":"3","show_post_tag":"1","show_prev_next_post":"1","show_popup_post":"1","number_popup_post":"1","show_author_box":"1","show_post_related":"0","show_inline_post_related":"0"}],"override_image_size":"0","image_override":[{"single_post_thumbnail_size":"crop-500","single_post_gallery_size":"crop-500"}],"trending_post":"0","trending_post_position":"meta","trending_post_label":"Trending","sponsored_post":"0","sponsored_post_label":"Sponsored by","sponsored_post_name":"","sponsored_post_url":"","sponsored_post_logo_enable":"0","sponsored_post_logo":"","sponsored_post_desc":"","disable_ad":"0"},"jnews_primary_category":{"id":""},"footnotes":""},"categories":[1],"tags":[],"class_list":["post-31201","post","type-post","status-publish","format-standard","hentry","category-news"],"_links":{"self":[{"href":"https:\/\/kohanews.al\/index.php?rest_route=\/wp\/v2\/posts\/31201","targetHints":{"allow":["GET"]}}],"collection":[{"href":"https:\/\/kohanews.al\/index.php?rest_route=\/wp\/v2\/posts"}],"about":[{"href":"https:\/\/kohanews.al\/index.php?rest_route=\/wp\/v2\/types\/post"}],"author":[{"embeddable":true,"href":"https:\/\/kohanews.al\/index.php?rest_route=\/wp\/v2\/users\/1"}],"replies":[{"embeddable":true,"href":"https:\/\/kohanews.al\/index.php?rest_route=%2Fwp%2Fv2%2Fcomments&post=31201"}],"version-history":[{"count":2,"href":"https:\/\/kohanews.al\/index.php?rest_route=\/wp\/v2\/posts\/31201\/revisions"}],"predecessor-version":[{"id":31206,"href":"https:\/\/kohanews.al\/index.php?rest_route=\/wp\/v2\/posts\/31201\/revisions\/31206"}],"wp:attachment":[{"href":"https:\/\/kohanews.al\/index.php?rest_route=%2Fwp%2Fv2%2Fmedia&parent=31201"}],"wp:term":[{"taxonomy":"category","embeddable":true,"href":"https:\/\/kohanews.al\/index.php?rest_route=%2Fwp%2Fv2%2Fcategories&post=31201"},{"taxonomy":"post_tag","embeddable":true,"href":"https:\/\/kohanews.al\/index.php?rest_route=%2Fwp%2Fv2%2Ftags&post=31201"}],"curies":[{"name":"wp","href":"https:\/\/api.w.org\/{rel}","templated":true}]}}