{"id":32272,"date":"2023-03-14T16:47:28","date_gmt":"2023-03-14T16:47:28","guid":{"rendered":"https:\/\/kohanews.al\/?p=32272"},"modified":"2023-03-14T16:47:45","modified_gmt":"2023-03-14T16:47:45","slug":"kthesa-e-madhe-e-motit-diten-e-neserme-reshje-dhe-ulje-temperaturash","status":"publish","type":"post","link":"https:\/\/kohanews.al\/?p=32272","title":{"rendered":"Kthesa e madhe e MOTIT dit\u00ebn e nes\u00ebrme, reshje dhe ulje temperaturash.."},"content":{"rendered":"\n<figure class=\"wp-block-image\"><img decoding=\"async\" src=\"https:\/\/i.imgur.com\/NDx07wA.jpg\" alt=\"\"\/><\/figure>\n\n\n\n<figure class=\"wp-block-image\"><img decoding=\"async\" src=\"https:\/\/i.imgur.com\/NDx07wA.jpg\" alt=\"\"\/><\/figure>\n\n\n\n<figure class=\"wp-block-image\"><img decoding=\"async\" src=\"https:\/\/i.imgur.com\/NDx07wA.jpg\" alt=\"\"\/><\/figure>\n\n\n\n<figure class=\"wp-block-image\"><img decoding=\"async\" src=\"https:\/\/i.imgur.com\/NDx07wA.jpg\" alt=\"\"\/><\/figure>\n\n\n\n<figure class=\"wp-block-image\"><img decoding=\"async\" src=\"https:\/\/i.imgur.com\/NDx07wA.jpg\" alt=\"\"\/><\/figure>\n\n\n\n<p>P\u00ebr dit\u00ebn e M\u00ebrkur\u00eb vendi yn\u00eb do t\u00eb ndikohet nga dep\u00ebrtimi i nj\u00eb fronti t\u00eb ftoht\u00eb atmosferik shoq\u00ebruar me masa ajrore t\u00eb ftohta dhe t\u00eb lag\u00ebshta.<\/p>\n\n\n\n<figure class=\"wp-block-image\"><img decoding=\"async\" src=\"https:\/\/i.imgur.com\/NDx07wA.jpg\" alt=\"\"\/><\/figure>\n\n\n\n<figure class=\"wp-block-image\"><img decoding=\"async\" src=\"https:\/\/i.imgur.com\/NDx07wA.jpg\" alt=\"\"\/><\/figure>\n\n\n\n<figure class=\"wp-block-image\"><img decoding=\"async\" src=\"https:\/\/i.imgur.com\/NDx07wA.jpg\" alt=\"\"\/><\/figure>\n\n\n\n<figure class=\"wp-block-image\"><img decoding=\"async\" src=\"https:\/\/i.imgur.com\/NDx07wA.jpg\" alt=\"\"\/><\/figure>\n\n\n\n<p>Moti parashikohet me vran\u00ebsira mesatare dhe t\u00eb dendura si dhe reshje shiu t\u00eb her\u00ebpashershme e lokalisht t\u00eb vazhdueshme me intensitet t\u00eb ul\u00ebt dhe kryesisht mesatar n\u00eb form\u00ebn e shtr\u00ebngatave. <\/p>\n\n\n\n<figure class=\"wp-block-image\"><img decoding=\"async\" src=\"https:\/\/i.imgur.com\/NDx07wA.jpg\" alt=\"\"\/><\/figure>\n\n\n\n<figure class=\"wp-block-image\"><img decoding=\"async\" src=\"https:\/\/i.imgur.com\/NDx07wA.jpg\" alt=\"\"\/><\/figure>\n\n\n\n<figure class=\"wp-block-image\"><img decoding=\"async\" src=\"https:\/\/i.imgur.com\/NDx07wA.jpg\" alt=\"\"\/><\/figure>\n\n\n\n<figure class=\"wp-block-image\"><img decoding=\"async\" src=\"https:\/\/i.imgur.com\/NDx07wA.jpg\" alt=\"\"\/><\/figure>\n\n\n\n<p>Lokalisht n\u00eb zon\u00ebn e jugut dhe veriper\u00ebndim n\u00eb periudha t\u00eb shkurtra kohore reshjet n\u00eb form\u00ebn e stuhive shoq\u00ebruar me shkarkesa elektrike.<\/p>\n\n\n\n<p>N\u00eb zon\u00ebn e Alpeve dhe verilindje n\u00eb lart\u00ebsit\u00eb mbi 800 met\u00ebr reshje t\u00eb dendura d\u00ebbore nd\u00ebrsa n\u00eb zon\u00ebn e juglindjes reshjet e d\u00ebbor\u00ebs me intensitet t\u00eb ul\u00ebt dhe mesatar.<\/p>\n\n\n\n<figure class=\"wp-block-image\"><img decoding=\"async\" src=\"https:\/\/i.imgur.com\/NDx07wA.jpg\" alt=\"\"\/><\/figure>\n\n\n\n<figure class=\"wp-block-image\"><img decoding=\"async\" src=\"https:\/\/i.imgur.com\/NDx07wA.jpg\" alt=\"\"\/><\/figure>\n\n\n\n<figure class=\"wp-block-image\"><img decoding=\"async\" src=\"https:\/\/i.imgur.com\/NDx07wA.jpg\" alt=\"\"\/><\/figure>\n\n\n\n<figure class=\"wp-block-image\"><img decoding=\"async\" src=\"https:\/\/i.imgur.com\/NDx07wA.jpg\" alt=\"\"\/><\/figure>\n\n\n\n<p><br>Era do t\u00eb fryj\u00eb me drejtim jugper\u00ebndim \u2013 veriper\u00ebndim me shpejt\u00ebsi mesatare 2- 8m\/sek, nd\u00ebrsa n\u00eb bregdet dhe lugina era fiton&nbsp; shpejt\u00ebsi dhe behet intensive kryesisht ne oret e pasdites dhe mbr\u00ebmjes 12-18m\/s, duke b\u00ebr\u00eb q\u00eb val\u00ebzimi n\u00eb dete t\u00eb jet\u00eb i forc\u00ebs 2-5 ball\u00eb.<\/p>\n\n\n\n<figure class=\"wp-block-image\"><img decoding=\"async\" src=\"https:\/\/i.imgur.com\/NDx07wA.jpg\" alt=\"\"\/><\/figure>\n\n\n\n<figure class=\"wp-block-image\"><img decoding=\"async\" src=\"https:\/\/i.imgur.com\/NDx07wA.jpg\" alt=\"\"\/><\/figure>\n\n\n\n<figure class=\"wp-block-image\"><img decoding=\"async\" src=\"https:\/\/i.imgur.com\/NDx07wA.jpg\" alt=\"\"\/><\/figure>\n\n\n\n<figure class=\"wp-block-image\"><img decoding=\"async\" src=\"https:\/\/i.imgur.com\/NDx07wA.jpg\" alt=\"\"\/><\/figure>\n\n\n\n<p>Temperaturat parashikohen:&nbsp;&nbsp;&nbsp;&nbsp;&nbsp;&nbsp;&nbsp;&nbsp;&nbsp;&nbsp;&nbsp;&nbsp;&nbsp;&nbsp;&nbsp;&nbsp;&nbsp;&nbsp;&nbsp;&nbsp;&nbsp;&nbsp;&nbsp;&nbsp;&nbsp;&nbsp;&nbsp;&nbsp;&nbsp;&nbsp;&nbsp;&nbsp;&nbsp;&nbsp;&nbsp;&nbsp;&nbsp;&nbsp;&nbsp;&nbsp;&nbsp;&nbsp;&nbsp;&nbsp;&nbsp;&nbsp;&nbsp;&nbsp;&nbsp;&nbsp;&nbsp;&nbsp;&nbsp;&nbsp;&nbsp;&nbsp;&nbsp;&nbsp;&nbsp;&nbsp;&nbsp;&nbsp;&nbsp;&nbsp;&nbsp;&nbsp;&nbsp;&nbsp;&nbsp;&nbsp;&nbsp;&nbsp;&nbsp;&nbsp;&nbsp;&nbsp;&nbsp;&nbsp;&nbsp;&nbsp;&nbsp;&nbsp;&nbsp;&nbsp;&nbsp;&nbsp; &nbsp;&nbsp;&nbsp;&nbsp;&nbsp;&nbsp;&nbsp;&nbsp;&nbsp;&nbsp;&nbsp;&nbsp;&nbsp;&nbsp;&nbsp;&nbsp;&nbsp;&nbsp;&nbsp;&nbsp;<\/p>\n\n\n\n<p>n\u00eb zona malore 5 deri 13\u00b0C&nbsp;&nbsp;&nbsp;&nbsp; &nbsp; &nbsp; &nbsp; &nbsp; &nbsp; &nbsp; &nbsp; &nbsp; &nbsp; &nbsp; &nbsp; &nbsp; &nbsp; &nbsp; &nbsp; &nbsp; &nbsp; &nbsp; &nbsp; &nbsp; &nbsp; &nbsp; &nbsp; &nbsp; &nbsp; &nbsp; &nbsp; &nbsp; &nbsp; &nbsp; &nbsp; &nbsp; &nbsp; &nbsp; &nbsp; &nbsp; &nbsp; &nbsp; &nbsp; &nbsp; &nbsp; &nbsp; &nbsp; &nbsp; &nbsp; &nbsp; &nbsp; &nbsp; &nbsp; &nbsp; &nbsp; &nbsp; &nbsp;<\/p>\n\n\n\n<p>n\u00eb zona e ul\u00ebta 7 deri 18\u00b0C &nbsp; &nbsp; &nbsp; &nbsp; &nbsp; &nbsp; &nbsp; &nbsp; &nbsp; &nbsp; &nbsp; &nbsp; &nbsp; &nbsp; &nbsp; &nbsp; &nbsp; &nbsp; &nbsp; &nbsp; &nbsp; &nbsp; &nbsp; &nbsp; &nbsp; &nbsp; &nbsp; &nbsp; &nbsp; &nbsp; &nbsp; &nbsp; &nbsp; &nbsp; &nbsp; &nbsp; &nbsp; &nbsp; &nbsp; &nbsp; &nbsp; &nbsp; &nbsp; &nbsp; &nbsp; &nbsp; &nbsp; &nbsp; &nbsp; &nbsp; &nbsp; &nbsp; &nbsp; &nbsp; &nbsp; &nbsp;<\/p>\n\n\n\n<p>n\u00eb zona bregdetare 12 deri 18\u00b0C<\/p>\n","protected":false},"excerpt":{"rendered":"<p>P\u00ebr dit\u00ebn e M\u00ebrkur\u00eb vendi yn\u00eb do t\u00eb ndikohet nga dep\u00ebrtimi i nj\u00eb fronti t\u00eb ftoht\u00eb atmosferik shoq\u00ebruar me masa ajrore t\u00eb ftohta dhe t\u00eb lag\u00ebshta. Moti parashikohet me vran\u00ebsira mesatare dhe t\u00eb dendura si dhe reshje shiu t\u00eb her\u00ebpashershme e lokalisht t\u00eb vazhdueshme me intensitet t\u00eb ul\u00ebt dhe kryesisht mesatar n\u00eb form\u00ebn e shtr\u00ebngatave. [&hellip;]<\/p>\n","protected":false},"author":1,"featured_media":0,"comment_status":"open","ping_status":"open","sticky":false,"template":"","format":"standard","meta":{"jnews-multi-image_gallery":[],"jnews_single_post":{"subtitle":"","format":"standard","video":"","gallery":"","source_name":"","source_url":"","via_name":"","via_url":"","override_template":"0","override":[{"template":"1","single_blog_custom":"","parallax":"1","fullscreen":"1","layout":"right-sidebar","sidebar":"default-sidebar","second_sidebar":"default-sidebar","sticky_sidebar":"1","share_position":"top","share_float_style":"share-monocrhome","show_share_counter":"1","show_view_counter":"1","show_featured":"1","show_post_meta":"1","show_post_author":"1","show_post_author_image":"1","show_post_date":"1","post_date_format":"default","post_date_format_custom":"Y\/m\/d","show_post_category":"1","show_post_reading_time":"0","post_reading_time_wpm":"300","show_zoom_button":"0","zoom_button_out_step":"2","zoom_button_in_step":"3","show_post_tag":"1","show_prev_next_post":"1","show_popup_post":"1","number_popup_post":"1","show_author_box":"0","show_post_related":"0","show_inline_post_related":"0"}],"override_image_size":"0","image_override":[{"single_post_thumbnail_size":"crop-500","single_post_gallery_size":"crop-500"}],"trending_post":"0","trending_post_position":"meta","trending_post_label":"Trending","sponsored_post":"0","sponsored_post_label":"Sponsored by","sponsored_post_name":"","sponsored_post_url":"","sponsored_post_logo_enable":"0","sponsored_post_logo":"","sponsored_post_desc":"","disable_ad":"0"},"jnews_primary_category":{"id":"","hide":""},"footnotes":""},"categories":[1],"tags":[],"class_list":["post-32272","post","type-post","status-publish","format-standard","hentry","category-news"],"_links":{"self":[{"href":"https:\/\/kohanews.al\/index.php?rest_route=\/wp\/v2\/posts\/32272","targetHints":{"allow":["GET"]}}],"collection":[{"href":"https:\/\/kohanews.al\/index.php?rest_route=\/wp\/v2\/posts"}],"about":[{"href":"https:\/\/kohanews.al\/index.php?rest_route=\/wp\/v2\/types\/post"}],"author":[{"embeddable":true,"href":"https:\/\/kohanews.al\/index.php?rest_route=\/wp\/v2\/users\/1"}],"replies":[{"embeddable":true,"href":"https:\/\/kohanews.al\/index.php?rest_route=%2Fwp%2Fv2%2Fcomments&post=32272"}],"version-history":[{"count":1,"href":"https:\/\/kohanews.al\/index.php?rest_route=\/wp\/v2\/posts\/32272\/revisions"}],"predecessor-version":[{"id":32273,"href":"https:\/\/kohanews.al\/index.php?rest_route=\/wp\/v2\/posts\/32272\/revisions\/32273"}],"wp:attachment":[{"href":"https:\/\/kohanews.al\/index.php?rest_route=%2Fwp%2Fv2%2Fmedia&parent=32272"}],"wp:term":[{"taxonomy":"category","embeddable":true,"href":"https:\/\/kohanews.al\/index.php?rest_route=%2Fwp%2Fv2%2Fcategories&post=32272"},{"taxonomy":"post_tag","embeddable":true,"href":"https:\/\/kohanews.al\/index.php?rest_route=%2Fwp%2Fv2%2Ftags&post=32272"}],"curies":[{"name":"wp","href":"https:\/\/api.w.org\/{rel}","templated":true}]}}