{"id":32318,"date":"2023-03-26T15:57:47","date_gmt":"2023-03-26T15:57:47","guid":{"rendered":"https:\/\/kohanews.al\/?p=32318"},"modified":"2023-03-26T16:02:33","modified_gmt":"2023-03-26T16:02:33","slug":"aksident-i-rende-prane-saukut-autobuzi-me-pasagjere-permbyset-ne-rruge-ka-te-lenduar","status":"publish","type":"post","link":"https:\/\/kohanews.al\/?p=32318","title":{"rendered":"Aksident i r\u00ebnd\u00eb pran\u00eb Saukut, autobuzi me pasagjer\u00eb p\u00ebrmbyset n\u00eb rrug\u00eb, detaje (VIDEO)"},"content":{"rendered":"\n<p>Nj\u00eb aksident ka ndodhur para pak castesh n\u00eb tiran\u00eb, konkretisht pran\u00eb zon\u00ebs s\u00eb Saukut, pran\u00eb Fakultetit Ekonomik.<\/p>\n\n\n\n<p>Autobusi i linj\u00ebs n\u00eb kryeqytet \u00ebsht\u00eb p\u00ebrplasur me nj\u00eb mjet dhe m\u00eb pas \u00ebsht\u00eb kthyer p\u00ebrmbys.<\/p>\n\n\n\n<p>Per pasoj\u00eb e aksidentit jan\u00eb plagosur tre persona.<\/p>\n\n\n\n<p>Sipas burimeve, m\u00ebsohet me dije se shoferi i autobusit t\u00eb linj\u00ebs s\u00eb Krrab\u00ebs, ka humbur kontrollin dhe autobusi \u00ebsht\u00eb kthyer p\u00ebrmbys. Autobusi ka marr\u00eb para dhe dy mjete t\u00eb tjera.<\/p>\n\n\n\n<figure class=\"wp-block-image size-full\"><a href=\"https:\/\/shqiptari.net\/wp-content\/uploads\/2023\/03\/sfss.jpg\"><img decoding=\"async\" src=\"https:\/\/shqiptari.net\/wp-content\/uploads\/2023\/03\/sfss.jpg\" alt=\"\" class=\"wp-image-83934\"\/><\/a><\/figure>\n\n\n\n<p>Nga kjo ngjarje policia njoftoi se kan\u00eb mbetur t\u00eb plagosur 3 persona, t\u00eb cil\u00ebt ndodhen n\u00eb spital jasht\u00eb rrezikut p\u00ebr jet\u00ebn.<\/p>\n\n\n\n<p><strong>Tiran\u00eb\/Informacion paraprak<\/strong><\/p>\n\n\n\n<p>M\u00eb dat\u00eb 26.03.2023, rreth or\u00ebs 15:45, n\u00eb Rrug\u00ebn e Elbasanit, shtetasi G. Q., 42 vje\u00e7, duke drejtuar autobusin e linj\u00ebs s\u00eb Krrab\u00ebs, dyshohet se ka humbur kontrollin mbi drejtimin e autobusit dhe si pasoj\u00eb autobusi ka dal\u00eb nga rruga dhe \u00ebsht\u00eb p\u00ebrmbysur.<\/p>\n\n\n\n<p>Si pasoj\u00eb jan\u00eb d\u00ebmtuar 3 shtetas t\u00eb cil\u00ebt ndodhen n\u00ebn kujdesin e mjek\u00ebve, jasht\u00eb rrezikut p\u00ebr jet\u00ebn.<\/p>\n\n\n\n<p>Pas testit t\u00eb alkoolit, drejtuesi i autobusit nuk ka rezultuar n\u00ebn efektin e pijeve alkoolike.<\/p>\n\n\n\n<p>N\u00eb vendngjarje ndodhen sh\u00ebrbimet e ambulanc\u00ebs dhe sh\u00ebrbimet e Policis\u00eb.<\/p>\n\n\n\n<p><strong><a href=\"https:\/\/a2news.com\/wp-content\/uploads\/2023\/03\/WhatsApp-Video-2023-03-26-at-4.01.17-PM.mp4\">VIDEO<\/a><\/strong><\/p>\n\n\n\n<iframe src=\"https:\/\/a2news.com\/wp-content\/uploads\/2023\/03\/WhatsApp-Video-2023-03-26-at-4.01.17-PM.mp4\" width=\"269\" height=\"476\" style=\"border:none;overflow:hidden\" scrolling=\"no\" frameborder=\"0\" allowfullscreen=\"true\" allow=\"autoplay; clipboard-write; encrypted-media; picture-in-picture; web-share\" allowFullScreen=\"true\"><\/iframe>\n\n\n\n<iframe src=\"https:\/\/a2news.com\/wp-content\/uploads\/2023\/03\/aksidenti-sauk.mp4\" width=\"269\" height=\"476\" style=\"border:none;overflow:hidden\" scrolling=\"no\" frameborder=\"0\" allowfullscreen=\"true\" allow=\"autoplay; clipboard-write; encrypted-media; picture-in-picture; web-share\" allowFullScreen=\"true\"><\/iframe>\n\n\n\n<iframe src=\"https:\/\/a2news.com\/wp-content\/uploads\/2023\/03\/aksidenti-ne-sauk-2.mp4\" width=\"269\" height=\"476\" style=\"border:none;overflow:hidden\" scrolling=\"no\" frameborder=\"0\" allowfullscreen=\"true\" allow=\"autoplay; clipboard-write; encrypted-media; picture-in-picture; web-share\" allowFullScreen=\"true\"><\/iframe>\n\n\n\n<iframe src=\"https:\/\/a2news.com\/wp-content\/uploads\/2023\/03\/aksidenti-ne-sauk-1.mp4\" width=\"269\" height=\"476\" style=\"border:none;overflow:hidden\" scrolling=\"no\" frameborder=\"0\" allowfullscreen=\"true\" allow=\"autoplay; clipboard-write; encrypted-media; picture-in-picture; web-share\" allowFullScreen=\"true\"><\/iframe>\n","protected":false},"excerpt":{"rendered":"<p>Nj\u00eb aksident ka ndodhur para pak castesh n\u00eb tiran\u00eb, konkretisht pran\u00eb zon\u00ebs s\u00eb Saukut, pran\u00eb Fakultetit Ekonomik. Autobusi i linj\u00ebs n\u00eb kryeqytet \u00ebsht\u00eb p\u00ebrplasur me nj\u00eb mjet dhe m\u00eb pas \u00ebsht\u00eb kthyer p\u00ebrmbys. Per pasoj\u00eb e aksidentit jan\u00eb plagosur tre persona. Sipas burimeve, m\u00ebsohet me dije se shoferi i autobusit t\u00eb linj\u00ebs s\u00eb Krrab\u00ebs, ka [&hellip;]<\/p>\n","protected":false},"author":1,"featured_media":0,"comment_status":"open","ping_status":"open","sticky":false,"template":"","format":"standard","meta":{"jnews-multi-image_gallery":[],"jnews_single_post":{"subtitle":"","format":"standard","video":"","gallery":"","source_name":"","source_url":"","via_name":"","via_url":"","override_template":"0","override":[{"template":"1","single_blog_custom":"","parallax":"1","fullscreen":"1","layout":"right-sidebar","sidebar":"default-sidebar","second_sidebar":"default-sidebar","sticky_sidebar":"1","share_position":"top","share_float_style":"share-monocrhome","show_share_counter":"1","show_view_counter":"1","show_featured":"1","show_post_meta":"1","show_post_author":"1","show_post_author_image":"1","show_post_date":"1","post_date_format":"default","post_date_format_custom":"Y\/m\/d","show_post_category":"1","show_post_reading_time":"0","post_reading_time_wpm":"300","show_zoom_button":"0","zoom_button_out_step":"2","zoom_button_in_step":"3","show_post_tag":"1","show_prev_next_post":"1","show_popup_post":"1","number_popup_post":"1","show_author_box":"0","show_post_related":"0","show_inline_post_related":"0"}],"override_image_size":"0","image_override":[{"single_post_thumbnail_size":"crop-500","single_post_gallery_size":"crop-500"}],"trending_post":"0","trending_post_position":"meta","trending_post_label":"Trending","sponsored_post":"0","sponsored_post_label":"Sponsored by","sponsored_post_name":"","sponsored_post_url":"","sponsored_post_logo_enable":"0","sponsored_post_logo":"","sponsored_post_desc":"","disable_ad":"0"},"jnews_primary_category":{"id":"","hide":""},"footnotes":""},"categories":[1],"tags":[],"class_list":["post-32318","post","type-post","status-publish","format-standard","hentry","category-news"],"_links":{"self":[{"href":"https:\/\/kohanews.al\/index.php?rest_route=\/wp\/v2\/posts\/32318","targetHints":{"allow":["GET"]}}],"collection":[{"href":"https:\/\/kohanews.al\/index.php?rest_route=\/wp\/v2\/posts"}],"about":[{"href":"https:\/\/kohanews.al\/index.php?rest_route=\/wp\/v2\/types\/post"}],"author":[{"embeddable":true,"href":"https:\/\/kohanews.al\/index.php?rest_route=\/wp\/v2\/users\/1"}],"replies":[{"embeddable":true,"href":"https:\/\/kohanews.al\/index.php?rest_route=%2Fwp%2Fv2%2Fcomments&post=32318"}],"version-history":[{"count":3,"href":"https:\/\/kohanews.al\/index.php?rest_route=\/wp\/v2\/posts\/32318\/revisions"}],"predecessor-version":[{"id":32322,"href":"https:\/\/kohanews.al\/index.php?rest_route=\/wp\/v2\/posts\/32318\/revisions\/32322"}],"wp:attachment":[{"href":"https:\/\/kohanews.al\/index.php?rest_route=%2Fwp%2Fv2%2Fmedia&parent=32318"}],"wp:term":[{"taxonomy":"category","embeddable":true,"href":"https:\/\/kohanews.al\/index.php?rest_route=%2Fwp%2Fv2%2Fcategories&post=32318"},{"taxonomy":"post_tag","embeddable":true,"href":"https:\/\/kohanews.al\/index.php?rest_route=%2Fwp%2Fv2%2Ftags&post=32318"}],"curies":[{"name":"wp","href":"https:\/\/api.w.org\/{rel}","templated":true}]}}