{"id":32399,"date":"2023-04-22T14:01:42","date_gmt":"2023-04-22T14:01:42","guid":{"rendered":"https:\/\/kohanews.al\/?p=32399"},"modified":"2023-04-22T14:02:08","modified_gmt":"2023-04-22T14:02:08","slug":"ndryshimi-i-motit-sinoptikania-paralajmeron-kthesen-drastike-pritet-qe-java-e","status":"publish","type":"post","link":"https:\/\/kohanews.al\/?p=32399","title":{"rendered":"Ndryshimi i motit, sinoptikania paralajm\u00ebron kthes\u00ebn drastike: Pritet q\u00eb java e.."},"content":{"rendered":"\n<p>Sinoptikania Lajda Porja ka sjell\u00eb parashikimin e motit p\u00ebr dit\u00ebt e fundit t\u00eb prillit dhe nisjen e majit. Porja tha se muaji prill pritet q\u00eb t\u00eb vijoj\u00eb n\u00eb k\u00ebto \u2018uj\u00ebra\u2019. Ajo tha se kryesisht paraditet do t\u00eb jen\u00eb me diell, nd\u00ebrsa pasditet me vran\u00ebsira dhe reshje t\u00eb pakta shiu.<\/p>\n\n\n\n<p>Ajo tha se moti do t\u00eb vijoj\u00eb thuajse nj\u00ebsoj deri n\u00eb jav\u00ebn e par\u00eb t\u00eb majit, nd\u00ebrsa n\u00eb gjysm\u00ebn e k\u00ebtij muaji m\u00eb n\u00eb fund do t\u00eb mund t\u00eb frekuentojm\u00eb edhe detin.<\/p>\n\n\n\n<p>\u201cKa pasur nj\u00eb ndryshim t\u00eb madh temperaturat, deri n\u00eb fund t\u00eb muajit prilli n\u00eb k\u00ebto uj\u00ebra do t\u00eb paraqitet. Paraditet do t\u00eb jen\u00eb me diell, pjesa e dyt\u00eb e dit\u00ebs do m\u00eb vran\u00ebsia dhe reshje. E diela do jet\u00eb me diell, nd\u00ebrsa e h\u00ebna do risjell\u00eb reshjet n\u00eb gjith\u00eb vendin. Reshjet do jen\u00eb n\u00eb sasi t\u00eb pakta dhe kryesisht n\u00eb pjes\u00ebn e dyt\u00eb t\u00eb dit\u00ebs, nd\u00ebrsa bregdeti do jet\u00eb thuajse gjat\u00eb dit\u00ebs me diell.<\/p>\n\n\n\n<p>M\u00eb n\u00eb fund do kemi pranver\u00eb. Kjo jav\u00eb do sh\u00ebnoj\u00eb temperaturat m\u00eb t\u00eb larta t\u00eb pranver\u00ebs, 25-26 grad\u00eb celsius.<br>Pritet q\u00eb java e fundit e muajit do jet\u00eb m\u00eb e ngroht\u00eb se pjesa tjet\u00ebr.<\/p>\n\n\n\n<p>Edhe fillimi i majit do jet\u00eb n\u00eb k\u00ebto uj\u00ebra, nuk do ket\u00eb menj\u00ebher\u00eb vap\u00eb, por parashikohet q\u00eb n\u00eb vijim\u00ebsi do jet\u00eb nj\u00eb muaj shum\u00eb normal dhe af\u00ebr parametrave klimatik\u00eb. Le t\u00eb shpresojm\u00eb q\u00eb nga pjesa e dyt\u00eb e tij t\u00eb mund t\u00eb frekuentojm\u00eb bregdetin\u201d, u shpreh ajo.<\/p>\n","protected":false},"excerpt":{"rendered":"<p>Sinoptikania Lajda Porja ka sjell\u00eb parashikimin e motit p\u00ebr dit\u00ebt e fundit t\u00eb prillit dhe nisjen e majit. Porja tha se muaji prill pritet q\u00eb t\u00eb vijoj\u00eb n\u00eb k\u00ebto \u2018uj\u00ebra\u2019. Ajo tha se kryesisht paraditet do t\u00eb jen\u00eb me diell, nd\u00ebrsa pasditet me vran\u00ebsira dhe reshje t\u00eb pakta shiu. Ajo tha se moti do t\u00eb [&hellip;]<\/p>\n","protected":false},"author":1,"featured_media":32102,"comment_status":"open","ping_status":"open","sticky":false,"template":"","format":"standard","meta":{"jnews-multi-image_gallery":[],"jnews_single_post":{"format":"standard"},"jnews_primary_category":[],"footnotes":""},"categories":[1],"tags":[],"class_list":["post-32399","post","type-post","status-publish","format-standard","has-post-thumbnail","hentry","category-news"],"_links":{"self":[{"href":"https:\/\/kohanews.al\/index.php?rest_route=\/wp\/v2\/posts\/32399","targetHints":{"allow":["GET"]}}],"collection":[{"href":"https:\/\/kohanews.al\/index.php?rest_route=\/wp\/v2\/posts"}],"about":[{"href":"https:\/\/kohanews.al\/index.php?rest_route=\/wp\/v2\/types\/post"}],"author":[{"embeddable":true,"href":"https:\/\/kohanews.al\/index.php?rest_route=\/wp\/v2\/users\/1"}],"replies":[{"embeddable":true,"href":"https:\/\/kohanews.al\/index.php?rest_route=%2Fwp%2Fv2%2Fcomments&post=32399"}],"version-history":[{"count":1,"href":"https:\/\/kohanews.al\/index.php?rest_route=\/wp\/v2\/posts\/32399\/revisions"}],"predecessor-version":[{"id":32404,"href":"https:\/\/kohanews.al\/index.php?rest_route=\/wp\/v2\/posts\/32399\/revisions\/32404"}],"wp:featuredmedia":[{"embeddable":true,"href":"https:\/\/kohanews.al\/index.php?rest_route=\/wp\/v2\/media\/32102"}],"wp:attachment":[{"href":"https:\/\/kohanews.al\/index.php?rest_route=%2Fwp%2Fv2%2Fmedia&parent=32399"}],"wp:term":[{"taxonomy":"category","embeddable":true,"href":"https:\/\/kohanews.al\/index.php?rest_route=%2Fwp%2Fv2%2Fcategories&post=32399"},{"taxonomy":"post_tag","embeddable":true,"href":"https:\/\/kohanews.al\/index.php?rest_route=%2Fwp%2Fv2%2Ftags&post=32399"}],"curies":[{"name":"wp","href":"https:\/\/api.w.org\/{rel}","templated":true}]}}