{"id":32743,"date":"2023-12-02T19:20:25","date_gmt":"2023-12-02T19:20:25","guid":{"rendered":"https:\/\/kohanews.al\/?p=32743"},"modified":"2023-12-02T19:20:33","modified_gmt":"2023-12-02T19:20:33","slug":"naimi-na-preu-ne-bese-babai-liridones-mund-ta-kete-vrare-per-sigurimin-e-jetes-qe-kishte-bere-ne-suedi","status":"publish","type":"post","link":"https:\/\/kohanews.al\/?p=32743","title":{"rendered":"\u201cNaimi na preu n\u00eb bes\u00eb\u201d, babai Liridon\u00ebs: Mund ta ket\u00eb vrar\u00eb p\u00ebr sigurimin e jet\u00ebs qe kishte bere ne Suedi.."},"content":{"rendered":"\n<p> <p>Hajdar Ademaj ka folur n\u00eb lidhje me vrasjen makabre t\u00eb vajz\u00ebs s\u00eb tij, Liridona Ademaj. Vrasja e t\u00eb cil\u00ebs u porosit nga bashk\u00ebshorti i saj, Naim Murseli.Ai me z\u00ebrin q\u00eb i dridhej tha se vajza e tij nuk i ishte ankuar kurr\u00eb p\u00ebr madh\u00ebnien q\u00eb kishte me bashk\u00ebshortin. Ai tha se te e vetmja gj\u00eb q\u00eb dyshojn\u00eb se Naimi mund t\u00eb ket\u00eb porositur vrasjen e Liridon\u00ebs mund t\u00eb jet\u00eb sigurim jete, q\u00eb e ndjera kishte paguajtur n\u00eb Suedi. Kompania q\u00eb Liridona kishte siguruar jet\u00ebn, mund\u00ebsonte q\u00eb n\u00eb rast t\u00eb ndonj\u00eb fatkeq\u00ebsie apo tragjedie jet\u00ebsore t\u00eb mbulonte shpenzime deri n\u00eb 20 milion\u00eb eurove.Babai i viktim\u00ebs \u00ebsht\u00eb shprehur se Naimi b\u00ebnte nj\u00eb jet\u00eb luksoze dhe se kjo mund ta ket\u00eb \u00e7uar n\u00eb planin p\u00ebr t\u00eb vrar\u00eb gruan q\u00eb t\u00eb merrte milionat nga sigurimi i jet\u00ebs.\u201c<em>M\u00eb lajm\u00ebroi ai Naimi, pasi e mor\u00ebm vesh q\u00eb ishte vrar\u00eb shkuam p\u00ebr t\u00eb gjetur \u00e7ik\u00ebn se ku \u00ebsht\u00eb. Kemi shkuar dhe Naimi na kishte prer\u00eb n\u00eb bes\u00eb ne. Si \u00ebsht\u00eb puna e pyeta Naimin. Nisi t\u00eb m\u00eb tregonte.\u2019 Po ecnim n\u00eb rrug\u00eb dhe ka na kan\u00eb prer\u00eb rrug\u00ebs. Ka th\u00ebn\u00eb Liridona ndale makin\u00ebn. Un\u00eb e hapa der\u00ebn time. Si \u00ebsht\u00eb kjo puna q\u00eb m\u2019u vra vajza n\u00eb makin\u00eb. I thash\u00eb \u2018si e l\u00eb vajz\u00ebn n\u00eb makin\u00eb\u2019. Tha \u2018Liridon\u00ebs i k\u00ebrkuan parat\u00eb dhe ajo nuk i dha\u2019.Ty t\u2019kam dyshuar un\u00eb. Policia nuk na ka k\u00ebrkuar t\u00eb jepnim deklarat\u00eb. Vajza asnj\u00ebher\u00eb nuk ka treguar se ka pasur probleme me burrin. Vajza ka jetuar n\u00eb Suedi dhe ka pasur sigurim dhe para t\u00eb m\u00ebdha. Ky \u00ebsht\u00eb dyshimi, p\u00ebr parat\u00eb e sigurimit.Ne dyshojm\u00eb se ka pasur jet\u00eb luksi t\u00eb madhe. \u2018Ta vras k\u00ebt\u00eb dhe t\u2019ia marr pensionin, parat\u00eb \u00e7far\u00eb i takojn\u00eb\u2019, me k\u00ebt\u00eb ide ka ecur Naimi. Vet\u00ebm p\u00ebr \u00e7\u00ebshtje ekonomike mund t\u00eb ket\u00eb b\u00ebr\u00eb. T\u00eb vras\u00eb gruan dhe f\u00ebmij\u00ebt ti leje n\u00eb rrug\u00eb \u00ebsht\u00eb gjynah i madh. F\u00ebmij\u00ebt jan\u00eb n\u00eb sht\u00ebpin\u00eb e Naimit. Nga ne nuk ka asnj\u00eb penges\u00eb se ku duhet t\u00eb rrijn\u00eb f\u00ebmij\u00eb<\/em>\u201d, tha Hajdar Ademaj n\u00eb nj\u00eb intervist\u00eb p\u00ebr \u201cNews24\u201d.Nd\u00ebr t\u00eb tjera babai i Liridon\u00ebs \u00ebsht\u00eb shprehur se trupi i vajz\u00ebs s\u00eb tij do zhvarroset nga C\u00ebrmanja e Gjakov\u00ebs, fshatit ku banon familja e bashk\u00ebshortit t\u00eb saj Naim Murselit. Ata jan\u00eb shprehur se duan q\u00eb trupit\u00eb varroset n\u00eb vendin ku jeton familja e saj, dhe jo arje ku jeton vras\u00ebsi.ujtojm\u00eb q\u00eb Liridona Ademaj, n\u00ebn\u00eb e dy f\u00ebmij\u00ebve, u vra barbarisht mbr\u00ebmjen e 29 N\u00ebntorit n\u00eb Prishtin\u00eb. Ajo ishte duke udh\u00ebtuar me bashk\u00ebshortin dhe dy f\u00ebmij\u00ebt me makin\u00ebn e tyre, kur persona t\u00eb maskuar i kan\u00eb grabitur dhe gjat\u00eb k\u00ebtij akti, kan\u00eb vrar\u00eb Liridon\u00ebn.Dje, Policia e Kosov\u00ebs ka njoftuar se ka zbardhur ngjarjen, duke arrestuar porosit\u00ebsin e vrasjes, vras\u00ebsin dhe nj\u00eb an\u00ebtar t\u00eb Forc\u00ebs s\u00eb Siguris\u00eb s\u00eb Kosov\u00ebs.Naim Murseli, bashk\u00ebshorti i viktim\u00ebs, Granit Plava, personi i akuzuar p\u00ebr vrasjen dhe Kushtrim Kokalla, an\u00ebtar i FSK-s\u00eb jan\u00eb tre t\u00eb arrestuarit. Bashk\u00ebshorti i Liridon\u00ebs dhe bashk\u00ebfshatari i tij Granit Plava, kan\u00eb pranuar se jan\u00eb ata porosit\u00ebsi dhe ekzekutori.Madje, Granit Plava ka deklaruar para hetuesve se ai \u00ebsht\u00eb paguar 30 mij\u00eb euro p\u00ebr t\u00eb vrar\u00eb gruan e ish-k\u00ebshilltarit t\u00eb politikanit Behgjet Pacolli. Parat\u00eb, 15 mij\u00eb euro Naim Murseli i ka dh\u00ebn\u00eb para ngjarjes dhe 15 mij\u00eb euro t\u00eb tjera pas saj.Edhe vet\u00eb bashk\u00ebshorti i viktim\u00ebs, ka pranuar n\u00eb Policin\u00eb e Kosov\u00ebs se ka porositur vrasjen e gruas.Dyshime p\u00ebr rastin u ngrit\u00ebn menj\u00ebher\u00eb pas d\u00ebshmis\u00eb q\u00eb kan\u00eb dh\u00ebn\u00eb familjar\u00ebt e viktim\u00ebs dhe vet\u00eb Naim Murseli, n\u00eb media dhe para hetuesve. Ai ndodhej n\u00eb makin\u00eb bashk\u00eb me Liridon\u00ebn dhe dy f\u00ebmij\u00ebt, por \u00e7udit\u00ebrisht grabit\u00ebsit e armatosur u p\u00ebrlesh\u00ebn vet\u00ebm me gruan dhe jo me kryefamiljarin.<\/p><\/p>\n","protected":false},"excerpt":{"rendered":"<p>Hajdar Ademaj ka folur n\u00eb lidhje me vrasjen makabre t\u00eb vajz\u00ebs s\u00eb tij, Liridona Ademaj. Vrasja e t\u00eb cil\u00ebs u porosit nga bashk\u00ebshorti i saj, Naim Murseli.Ai me z\u00ebrin q\u00eb i dridhej tha se vajza e tij nuk i ishte ankuar kurr\u00eb p\u00ebr madh\u00ebnien q\u00eb kishte me bashk\u00ebshortin. Ai tha se te e vetmja gj\u00eb [&hellip;]<\/p>\n","protected":false},"author":1,"featured_media":0,"comment_status":"open","ping_status":"open","sticky":false,"template":"","format":"standard","meta":{"jnews-multi-image_gallery":[],"jnews_single_post":{"subtitle":"","format":"standard","video":"","gallery":"","source_name":"","source_url":"","via_name":"","via_url":"","override_template":"0","override":[{"template":"1","single_blog_custom":"","parallax":"1","fullscreen":"1","layout":"right-sidebar","sidebar":"default-sidebar","second_sidebar":"default-sidebar","sticky_sidebar":"1","share_position":"top","share_float_style":"share-monocrhome","show_share_counter":"1","show_view_counter":"1","show_featured":"1","show_post_meta":"1","show_post_author":"1","show_post_author_image":"1","show_post_date":"1","post_date_format":"default","post_date_format_custom":"Y\/m\/d","show_post_category":"1","show_post_reading_time":"0","post_reading_time_wpm":"300","show_zoom_button":"0","zoom_button_out_step":"2","zoom_button_in_step":"3","show_post_tag":"1","show_prev_next_post":"1","show_popup_post":"1","number_popup_post":"1","show_author_box":"0","show_post_related":"0","show_inline_post_related":"0"}],"override_image_size":"0","image_override":[{"single_post_thumbnail_size":"crop-500","single_post_gallery_size":"crop-500"}],"trending_post":"0","trending_post_position":"meta","trending_post_label":"Trending","sponsored_post":"0","sponsored_post_label":"Sponsored by","sponsored_post_name":"","sponsored_post_url":"","sponsored_post_logo_enable":"0","sponsored_post_logo":"","sponsored_post_desc":"","disable_ad":"0"},"jnews_primary_category":{"id":"","hide":""},"footnotes":""},"categories":[1],"tags":[],"class_list":["post-32743","post","type-post","status-publish","format-standard","hentry","category-news"],"_links":{"self":[{"href":"https:\/\/kohanews.al\/index.php?rest_route=\/wp\/v2\/posts\/32743","targetHints":{"allow":["GET"]}}],"collection":[{"href":"https:\/\/kohanews.al\/index.php?rest_route=\/wp\/v2\/posts"}],"about":[{"href":"https:\/\/kohanews.al\/index.php?rest_route=\/wp\/v2\/types\/post"}],"author":[{"embeddable":true,"href":"https:\/\/kohanews.al\/index.php?rest_route=\/wp\/v2\/users\/1"}],"replies":[{"embeddable":true,"href":"https:\/\/kohanews.al\/index.php?rest_route=%2Fwp%2Fv2%2Fcomments&post=32743"}],"version-history":[{"count":1,"href":"https:\/\/kohanews.al\/index.php?rest_route=\/wp\/v2\/posts\/32743\/revisions"}],"predecessor-version":[{"id":32745,"href":"https:\/\/kohanews.al\/index.php?rest_route=\/wp\/v2\/posts\/32743\/revisions\/32745"}],"wp:attachment":[{"href":"https:\/\/kohanews.al\/index.php?rest_route=%2Fwp%2Fv2%2Fmedia&parent=32743"}],"wp:term":[{"taxonomy":"category","embeddable":true,"href":"https:\/\/kohanews.al\/index.php?rest_route=%2Fwp%2Fv2%2Fcategories&post=32743"},{"taxonomy":"post_tag","embeddable":true,"href":"https:\/\/kohanews.al\/index.php?rest_route=%2Fwp%2Fv2%2Ftags&post=32743"}],"curies":[{"name":"wp","href":"https:\/\/api.w.org\/{rel}","templated":true}]}}