{"id":32748,"date":"2023-12-02T22:34:46","date_gmt":"2023-12-02T22:34:46","guid":{"rendered":"https:\/\/kohanews.al\/?p=32748"},"modified":"2023-12-02T22:34:49","modified_gmt":"2023-12-02T22:34:49","slug":"naim-murseli-e-vrau-gruan-e-tij-per-20-mln-euro-ja-cfare-u-zbulua-se-fundmi","status":"publish","type":"post","link":"https:\/\/kohanews.al\/?p=32748","title":{"rendered":"Naim Murseli e vrau gruan e tij p\u00ebr 20 mln euro? Ja cfare u zbulua se fundmi.."},"content":{"rendered":"\n<p>Ngjarja e ndodhur pak dit\u00eb m\u00eb par\u00eb n\u00eb Prishtin\u00eb ku nj\u00eb 30 vje\u00e7are e identifikuar si Liridona Ademaj Murseli ka tronditur r\u00ebnd\u00eb opinionin publiK. Pas hetimeve nga policia u hodh\u00ebn dyshimet se vrajsa e Liridon\u00ebs ishte e inskenuar e gjith\u00eb nga bashk\u00ebshorti i saj, Naim Murseli.<\/p>\n\n\n\n<p>Murseli dyshohet se n\u00eb bashk\u00ebpunim me dy persona t\u00eb tjer\u00eb kan\u00eb organizuar vrasjen e bashk\u00ebshortes s\u00eb tij, n\u00ebn\u00eb e dy f\u00ebmij\u00ebve. Sipas mediave, Murseli ka pranuar para organeve t\u00eb drejt\u00ebsis\u00eb organizimin e vrasjes s\u00eb Liridona Ademajt.<\/p>\n\n\n\n<p>Por cila ishte arsyeja q\u00eb e nxiti at\u00eb drejt k\u00ebsaj vepre kriminale e monstruoze?<\/p>\n\n\n\n<p>Burime sipas mediave kosovare b\u00ebhet me dije se Naim Murseli para disa koh\u00ebsh i ka paguar sigurimin jet\u00ebsor Liridona Ademajt n\u00eb nj\u00eb kompani t\u00eb fuqishme suedeze.<\/p>\n\n\n\n<p>Sigurimi jet\u00ebsor nd\u00ebr t\u00eb tjera garantonte q\u00eb n\u00eb rast t\u00eb ndonj\u00eb fatkeq\u00ebsie apo tragjedie jet\u00ebsore, sigurimi mund t\u00eb mbulonte shpenzimet deri n\u00eb 20 milion\u00eb euro.<\/p>\n\n\n\n<p>Naim Murseli duke qen\u00eb n\u00eb dijeni p\u00ebr k\u00ebt\u00eb shum\u00eb shpaguese dhe mund t\u00eb jet\u00eb inspiruar q\u00eb t\u00eb organizoj\u00eb fundin tragjik t\u00eb n\u00ebn\u00ebs s\u00eb dy f\u00ebmij\u00ebve t\u00eb tij.<\/p>\n\n\n\n<p>Murseli ende s\u2019ka treguar para organeve t\u00eb drejt\u00ebsis\u00eb arsyen q\u00eb ka b\u00ebr\u00eb k\u00ebt\u00eb krim, por nj\u00eb nga pistat e besueshme mund t\u00eb jet\u00eb kjo, bazuar n\u00eb burime t\u00eb af\u00ebrta me ish-\u00e7iftin.<\/p>\n\n\n\n<p>Policia e Kosov\u00ebs njoftoi se ka sekuestruar arm\u00ebn me t\u00eb cil\u00ebn u q\u00ebllua p\u00ebr vdekje Ademaj si dhe 19 fishek\u00eb, nd\u00ebrsa \u00ebsht\u00eb sekuestruar edhe makina e porosit\u00ebsit t\u00eb krimit Naim Murseli.<\/p>\n","protected":false},"excerpt":{"rendered":"<p>Ngjarja e ndodhur pak dit\u00eb m\u00eb par\u00eb n\u00eb Prishtin\u00eb ku nj\u00eb 30 vje\u00e7are e identifikuar si Liridona Ademaj Murseli ka tronditur r\u00ebnd\u00eb opinionin publiK. Pas hetimeve nga policia u hodh\u00ebn dyshimet se vrajsa e Liridon\u00ebs ishte e inskenuar e gjith\u00eb nga bashk\u00ebshorti i saj, Naim Murseli. Murseli dyshohet se n\u00eb bashk\u00ebpunim me dy persona t\u00eb [&hellip;]<\/p>\n","protected":false},"author":1,"featured_media":0,"comment_status":"open","ping_status":"open","sticky":false,"template":"","format":"standard","meta":{"jnews-multi-image_gallery":[],"jnews_single_post":{"subtitle":"","format":"standard","video":"","gallery":"","source_name":"","source_url":"","via_name":"","via_url":"","override_template":"0","override":[{"template":"1","single_blog_custom":"","parallax":"1","fullscreen":"1","layout":"right-sidebar","sidebar":"default-sidebar","second_sidebar":"default-sidebar","sticky_sidebar":"1","share_position":"top","share_float_style":"share-monocrhome","show_share_counter":"1","show_view_counter":"1","show_featured":"1","show_post_meta":"1","show_post_author":"1","show_post_author_image":"1","show_post_date":"1","post_date_format":"default","post_date_format_custom":"Y\/m\/d","show_post_category":"1","show_post_reading_time":"0","post_reading_time_wpm":"300","show_zoom_button":"0","zoom_button_out_step":"2","zoom_button_in_step":"3","show_post_tag":"1","show_prev_next_post":"1","show_popup_post":"1","number_popup_post":"1","show_author_box":"0","show_post_related":"0","show_inline_post_related":"0"}],"override_image_size":"0","image_override":[{"single_post_thumbnail_size":"crop-500","single_post_gallery_size":"crop-500"}],"trending_post":"0","trending_post_position":"meta","trending_post_label":"Trending","sponsored_post":"0","sponsored_post_label":"Sponsored by","sponsored_post_name":"","sponsored_post_url":"","sponsored_post_logo_enable":"0","sponsored_post_logo":"","sponsored_post_desc":"","disable_ad":"0"},"jnews_primary_category":{"id":"","hide":""},"footnotes":""},"categories":[1],"tags":[],"class_list":["post-32748","post","type-post","status-publish","format-standard","hentry","category-news"],"_links":{"self":[{"href":"https:\/\/kohanews.al\/index.php?rest_route=\/wp\/v2\/posts\/32748","targetHints":{"allow":["GET"]}}],"collection":[{"href":"https:\/\/kohanews.al\/index.php?rest_route=\/wp\/v2\/posts"}],"about":[{"href":"https:\/\/kohanews.al\/index.php?rest_route=\/wp\/v2\/types\/post"}],"author":[{"embeddable":true,"href":"https:\/\/kohanews.al\/index.php?rest_route=\/wp\/v2\/users\/1"}],"replies":[{"embeddable":true,"href":"https:\/\/kohanews.al\/index.php?rest_route=%2Fwp%2Fv2%2Fcomments&post=32748"}],"version-history":[{"count":1,"href":"https:\/\/kohanews.al\/index.php?rest_route=\/wp\/v2\/posts\/32748\/revisions"}],"predecessor-version":[{"id":32752,"href":"https:\/\/kohanews.al\/index.php?rest_route=\/wp\/v2\/posts\/32748\/revisions\/32752"}],"wp:attachment":[{"href":"https:\/\/kohanews.al\/index.php?rest_route=%2Fwp%2Fv2%2Fmedia&parent=32748"}],"wp:term":[{"taxonomy":"category","embeddable":true,"href":"https:\/\/kohanews.al\/index.php?rest_route=%2Fwp%2Fv2%2Fcategories&post=32748"},{"taxonomy":"post_tag","embeddable":true,"href":"https:\/\/kohanews.al\/index.php?rest_route=%2Fwp%2Fv2%2Ftags&post=32748"}],"curies":[{"name":"wp","href":"https:\/\/api.w.org\/{rel}","templated":true}]}}