{"id":35530,"date":"2026-01-22T06:49:02","date_gmt":"2026-01-22T06:49:02","guid":{"rendered":"https:\/\/kohanews.al\/?p=35530"},"modified":"2026-01-22T06:49:02","modified_gmt":"2026-01-22T06:49:02","slug":"bleona-mata-u-rrembye-dhe-u-soll-ne-vlore-tek-vajza-qe-nuk-bente-femije-bleona-jeton-ne","status":"publish","type":"post","link":"https:\/\/kohanews.al\/?p=35530","title":{"rendered":"Bleona Mata u rr\u00ebmbye dhe u soll n\u00eb Vlor\u00eb tek vajza q\u00eb nuk b\u00ebnte f\u00ebmije. Bleona jeton n\u00eb.."},"content":{"rendered":"\n<p>Pes\u00ebmb\u00ebdhjet\u00eb vite pas zhdukjes q\u00eb la pa gjum\u00eb mbar\u00eb opinionin publik, nj\u00eb d\u00ebshmi e re dhe trondit\u00ebse premton t\u00eb hedh\u00eb drit\u00eb mbi fatin e Bleona Mat\u00ebs.<\/p>\n\n\n\n<p>Vajza, e cila u zhduk n\u00eb mosh\u00ebn 6-vje\u00e7are nga fshati Zapot i Kuk\u00ebsit nd\u00ebrsa kulloste bag\u00ebtin\u00eb, dyshohet se \u00ebsht\u00eb gjall\u00eb dhe ndodhet n\u00eb Bashkimin Evropian.<\/p>\n\n\n\n<p>Sipas informacioneve t\u00eb b\u00ebra publike nga gazetarja Nexhmije Beqiri n\u00eb Report TV, nj\u00eb shtetas ka rr\u00ebfyer skem\u00ebn e frikshme t\u00eb rr\u00ebmbimit q\u00eb ka ndodhur brenda \u201cgjirit t\u00eb fshatit\u201d.<\/p>\n\n\n\n<p>Statusi i plote i Nexhi Beqiri:<\/p>\n\n\n\n<p>Sot, 15 vjet pas \u201d zhdukjes\u201d s\u00eb Bleona Mat\u00ebs: sipas informacioneve m\u00eb t\u00eb fundit, e th\u00ebn\u00eb nga nj\u00eb shtetas, Bleona Mata, vajza 6 vje\u00e7are e rr\u00ebmbyer n\u00eb Zapot t\u00eb Kuk\u00ebsit, \u00ebsht\u00eb rr\u00ebmbyer nga nj\u00eb fshatar po nga ai fshat i Kuk\u00ebsit, dhe \u00ebsht\u00eb sjell\u00eb n\u00eb fshatin Llakatun t\u00eb Vlor\u00ebs , tek vajza e tij q\u00eb nuk kishte f\u00ebmij\u00eb. Pas 3 muaj, kjo familje bashk\u00eb me Bleon\u00ebn ikin n\u00eb Greqi, dhe vitet e fundit gjenden n\u00eb Gjermani. Bleona Mata jeton.\ud83e\udd72\ud83e\udd72\ud83e\udd72\ud83e\udd72\ud83d\ude4f\ud83d\ude4f\ud83d\ude4f\ud83d\ude4f\ud83d\ude4f<\/p>\n","protected":false},"excerpt":{"rendered":"<p>Pes\u00ebmb\u00ebdhjet\u00eb vite pas zhdukjes q\u00eb la pa gjum\u00eb mbar\u00eb opinionin publik, nj\u00eb d\u00ebshmi e re dhe trondit\u00ebse premton t\u00eb hedh\u00eb drit\u00eb mbi fatin e Bleona Mat\u00ebs. Vajza, e cila u zhduk n\u00eb mosh\u00ebn 6-vje\u00e7are nga fshati Zapot i Kuk\u00ebsit nd\u00ebrsa kulloste bag\u00ebtin\u00eb, dyshohet se \u00ebsht\u00eb gjall\u00eb dhe ndodhet n\u00eb Bashkimin Evropian. Sipas informacioneve t\u00eb b\u00ebra [&hellip;]<\/p>\n","protected":false},"author":1,"featured_media":0,"comment_status":"open","ping_status":"open","sticky":false,"template":"","format":"standard","meta":{"jnews-multi-image_gallery":[],"jnews_single_post":[],"jnews_primary_category":[],"footnotes":""},"categories":[1],"tags":[],"class_list":["post-35530","post","type-post","status-publish","format-standard","hentry","category-news"],"_links":{"self":[{"href":"https:\/\/kohanews.al\/index.php?rest_route=\/wp\/v2\/posts\/35530","targetHints":{"allow":["GET"]}}],"collection":[{"href":"https:\/\/kohanews.al\/index.php?rest_route=\/wp\/v2\/posts"}],"about":[{"href":"https:\/\/kohanews.al\/index.php?rest_route=\/wp\/v2\/types\/post"}],"author":[{"embeddable":true,"href":"https:\/\/kohanews.al\/index.php?rest_route=\/wp\/v2\/users\/1"}],"replies":[{"embeddable":true,"href":"https:\/\/kohanews.al\/index.php?rest_route=%2Fwp%2Fv2%2Fcomments&post=35530"}],"version-history":[{"count":1,"href":"https:\/\/kohanews.al\/index.php?rest_route=\/wp\/v2\/posts\/35530\/revisions"}],"predecessor-version":[{"id":35532,"href":"https:\/\/kohanews.al\/index.php?rest_route=\/wp\/v2\/posts\/35530\/revisions\/35532"}],"wp:attachment":[{"href":"https:\/\/kohanews.al\/index.php?rest_route=%2Fwp%2Fv2%2Fmedia&parent=35530"}],"wp:term":[{"taxonomy":"category","embeddable":true,"href":"https:\/\/kohanews.al\/index.php?rest_route=%2Fwp%2Fv2%2Fcategories&post=35530"},{"taxonomy":"post_tag","embeddable":true,"href":"https:\/\/kohanews.al\/index.php?rest_route=%2Fwp%2Fv2%2Ftags&post=35530"}],"curies":[{"name":"wp","href":"https:\/\/api.w.org\/{rel}","templated":true}]}}