{"id":35536,"date":"2026-01-22T14:14:10","date_gmt":"2026-01-22T14:14:10","guid":{"rendered":"https:\/\/kohanews.al\/?p=35536"},"modified":"2026-01-22T14:16:50","modified_gmt":"2026-01-22T14:16:50","slug":"blini-apartamente-dhe-prona-paralajmerimi-i-rames-pas-anetaresimit-ne-be-cmimet-do-te","status":"publish","type":"post","link":"https:\/\/kohanews.al\/?p=35536","title":{"rendered":"\u201cBlini apartamente dhe prona\u201d\/ Paralajm\u00ebrimi i Ram\u00ebs: Pas an\u00ebtar\u00ebsimit n\u00eb BE, \u00e7mimet do t\u00eb.."},"content":{"rendered":"\n<p>Kryeministri Edi Rama ka paralajm\u00ebruar se \u00e7mimet e pronave n\u00eb Shqip\u00ebri do t\u00eb dyfishohet, pas an\u00ebtar\u00ebsimit t\u00eb vendit n\u00eb Bashkimin Europian.<\/p>\n\n\n\n<p>Gjat\u00eb fjal\u00ebs n\u00eb konferenc\u00ebn \u201cShqip\u00ebria, Horizonti i Ri\u201d Rama i ftoi q\u00eb t\u00eb investojn\u00eb dhe t\u00eb blejn\u00eb toka e apartamente n\u00eb Shqip\u00ebri, pasi \u00e7mimet do t\u00eb vijn\u00eb duke u rritur akoma m\u00eb shum\u00eb.<\/p>\n\n\n\n<p>Nd\u00ebrkoh\u00eb, Rama pati dhe nj\u00eb thirrje p\u00ebr nd\u00ebrkomb\u00ebtar\u00ebt, t\u00eb cil\u00ebve u tha se duhet t\u00eb inkurajojn\u00eb pensionist\u00ebt nga vendet e tyre q\u00eb t\u00eb q\u00ebndrojn\u00eb m\u00eb gjat\u00eb n\u00eb Shqip\u00ebri.<\/p>\n\n\n\n<p>\u201cEdhe sepse sektori i pronave n\u00eb Shqip\u00ebri po ec\u00ebn v\u00ebrtet\u00eb p\u00ebrpara dhe ka hap\u00ebsir\u00eb p\u00ebr t\u00eb bler\u00eb prona me nj\u00eb \u00e7mim t\u00eb p\u00ebrballuesh\u00ebm ende. Ajo q\u00eb do t\u2019u thosha t\u00eb gjith\u00ebve q\u00eb kan\u00eb shum\u00eb para, t\u2019i shpenzoni duke bler\u00eb prona, apartamente n\u00eb Shqip\u00ebri, do t\u00eb jet\u00eb investim shum\u00eb i mir\u00eb n\u00eb Shqip\u00ebri. <\/p>\n\n\n\n<p>Sepse \u00e7mimet do rriten akoma m\u00eb shum\u00eb edhe kur t\u00eb b\u00ebhemi shtet an\u00ebtar i BE. \u00c7mimet rriten pothuajse dyfish. Blini nj\u00eb apartament n\u00eb Tiran\u00eb, prisni pak vite, dhe e shisni me \u00e7mim dyfish. Ejani n\u00eb Shqip\u00ebri dhe blini prona\u201d, deklaroi Kryeministri Edi Rama.<\/p>\n","protected":false},"excerpt":{"rendered":"<p>Kryeministri Edi Rama ka paralajm\u00ebruar se \u00e7mimet e pronave n\u00eb Shqip\u00ebri do t\u00eb dyfishohet, pas an\u00ebtar\u00ebsimit t\u00eb vendit n\u00eb Bashkimin Europian. Gjat\u00eb fjal\u00ebs n\u00eb konferenc\u00ebn \u201cShqip\u00ebria, Horizonti i Ri\u201d Rama i ftoi q\u00eb t\u00eb investojn\u00eb dhe t\u00eb blejn\u00eb toka e apartamente n\u00eb Shqip\u00ebri, pasi \u00e7mimet do t\u00eb vijn\u00eb duke u rritur akoma m\u00eb shum\u00eb. Nd\u00ebrkoh\u00eb, [&hellip;]<\/p>\n","protected":false},"author":1,"featured_media":0,"comment_status":"open","ping_status":"open","sticky":false,"template":"","format":"standard","meta":{"jnews-multi-image_gallery":[],"jnews_single_post":[],"jnews_primary_category":[],"footnotes":""},"categories":[1],"tags":[],"class_list":["post-35536","post","type-post","status-publish","format-standard","hentry","category-news"],"_links":{"self":[{"href":"https:\/\/kohanews.al\/index.php?rest_route=\/wp\/v2\/posts\/35536","targetHints":{"allow":["GET"]}}],"collection":[{"href":"https:\/\/kohanews.al\/index.php?rest_route=\/wp\/v2\/posts"}],"about":[{"href":"https:\/\/kohanews.al\/index.php?rest_route=\/wp\/v2\/types\/post"}],"author":[{"embeddable":true,"href":"https:\/\/kohanews.al\/index.php?rest_route=\/wp\/v2\/users\/1"}],"replies":[{"embeddable":true,"href":"https:\/\/kohanews.al\/index.php?rest_route=%2Fwp%2Fv2%2Fcomments&post=35536"}],"version-history":[{"count":3,"href":"https:\/\/kohanews.al\/index.php?rest_route=\/wp\/v2\/posts\/35536\/revisions"}],"predecessor-version":[{"id":35539,"href":"https:\/\/kohanews.al\/index.php?rest_route=\/wp\/v2\/posts\/35536\/revisions\/35539"}],"wp:attachment":[{"href":"https:\/\/kohanews.al\/index.php?rest_route=%2Fwp%2Fv2%2Fmedia&parent=35536"}],"wp:term":[{"taxonomy":"category","embeddable":true,"href":"https:\/\/kohanews.al\/index.php?rest_route=%2Fwp%2Fv2%2Fcategories&post=35536"},{"taxonomy":"post_tag","embeddable":true,"href":"https:\/\/kohanews.al\/index.php?rest_route=%2Fwp%2Fv2%2Ftags&post=35536"}],"curies":[{"name":"wp","href":"https:\/\/api.w.org\/{rel}","templated":true}]}}