{"id":36628,"date":"2026-04-25T19:50:15","date_gmt":"2026-04-25T18:50:15","guid":{"rendered":"https:\/\/kohanews.al\/?p=36628"},"modified":"2026-04-25T19:50:16","modified_gmt":"2026-04-25T18:50:16","slug":"makina-i-vrau-djalin-5-vjec-nena-rrefen-tragjedine-burri-i-tha-vjehrrit-te-te-kem-ty-se-bej-tjeter","status":"publish","type":"post","link":"https:\/\/kohanews.al\/?p=36628","title":{"rendered":"Makina i vrau djalin 5 vje\u00e7, n\u00ebna rrefen tragjedine: Burri i tha vjehrrit t\u00eb t\u00eb kem ty se b\u00ebj tjet\u00ebr\u2026"},"content":{"rendered":"\n<p>Nashiferi, n\u00ebna q\u00eb \u00ebsht\u00eb sjell\u00eb n\u00eb \u201cShihemi n\u00eb Gjyq\u201d nga vajza e saj, Dorina e ka filluar jet\u00ebn bashk\u00ebshortore me shum\u00eb v\u00ebshtir\u00ebsi. Fillimisht ka jetuar me familjar\u00ebt e burrit, 8 persona q\u00eb banonin n\u00eb nj\u00eb sht\u00ebpi 1+1. Paralelisht me t\u00eb, ishte shtatz\u00ebn\u00eb dhe vjehrra e t\u00eb dyja kan\u00eb lindur n\u00eb t\u00eb nj\u00ebjt\u00ebn koh\u00eb.<\/p>\n\n\n\n<p>Nashiferi \u00ebsht\u00eb kujdesur edhe p\u00ebr kunat\u00ebn e vog\u00ebl e t\u00eb sapolindur, por pas 5 vitesh ajo humbi tragjikisht djalin e saj. Ajo nis t\u00eb rr\u00ebfej\u00eb tragjedin\u00eb n\u00eb seanc\u00ebn e nd\u00ebrmjet\u00ebsimit t\u00eb \u201cE Diela Shqiptare\u201d n\u00eb Tv Klan e cila ka ndodhur pasi Nashiferi dhe bashk\u00ebshorti nis\u00ebn t\u00eb jetonin ve\u00e7mas.<\/p>\n\n\n\n<p><strong>Nashifer: <\/strong><em>Vazhduam jet\u00ebn, n\u00eb \u201990 q\u00eb u hap\u00ebn kufijt\u00eb, kunati i vog\u00ebl q\u00eb ishte me pleqt\u00eb iku n\u00eb kurbet si\u00e7 ik\u00ebn t\u00eb gjith\u00eb shqiptar\u00ebt. N\u00eb fakt, t\u00eb flas at\u00eb realitetin q\u00eb \u00ebsht\u00eb nuk para shkonte mir\u00eb me babin e vet, jo se m\u00eb thoshte gj\u00eb mua, por e d\u00ebgjoja q\u00eb kur vinte te Ylli i thoshte \u201cdo vish t\u00eb merresh vesh me Merkon ti se do ta vras fare?\u201d<\/em><\/p>\n\n\n\n<p><strong>Eni \u00c7obani: <\/strong><em>P\u00ebr babain e vet?<\/em><\/p>\n\n\n\n<p><strong>Nashifer: <\/strong><em>P\u00ebr babain e vet. Ylli jo se \u00ebsht\u00eb burri im, \u00ebsht\u00eb i madhi, por kishte nj\u00eb afrimitet t\u00eb papar\u00eb me babain e vet edhe pse ne ishim ve\u00e7, ai nuk vinte n\u00eb sht\u00ebpi. Ose do pinte kafe me t\u00eb n\u00eb lokal kur vinte nga metalurgjia se ai doli n\u00eb pension ose do shkonte te sht\u00ebpia, \u00e7do nat\u00eb, sa dit\u00eb q\u00eb kishte dh\u00ebn\u00eb Zoti.<\/em><\/p>\n\n\n\n<p>Djali, Landi shkonte n\u00eb kopsht nd\u00ebrsa vajza n\u00eb \u00e7erdhe. Nj\u00eb dit\u00eb, teksa Landin e merrte gjyshi nga kopshti, p\u00ebrplasja nga nj\u00eb makin\u00eb i merr jet\u00ebn.<\/p>\n\n\n\n<p><strong>Nashifer: <\/strong><em>N\u00eb fakt e ndieva se m\u00eb k\u00ebputej shpirti.&nbsp; Vijn\u00eb dhe m\u00eb thon\u00eb \u201chajde se do ikim n\u00eb sht\u00ebpi, l\u00ebre pun\u00ebn Nashi\u201d. Nuk e dija \u00e7\u2019m\u00eb kishte ndodhur\u2026 I thash\u00eb kunatave t\u00eb mia di\u00e7ka se e pash\u00eb q\u00eb lan\u00eb pun\u00ebn edhe pun\u00ebtor\u00ebt e tjer\u00eb. Pash\u00eb te rruga q\u00eb ishte nj\u00eb makin\u00eb e madhe, gjith\u00eb ato makina, prap\u00eb nuk m\u00eb shkonte mendja kurr\u00eb q\u00eb do m\u00eb kishte vrar\u00eb makina djalin tim. Kur kam shkuar n\u00eb sht\u00ebpi, m\u00eb ka treguar q\u00eb \u00ebsht\u00eb b\u00ebr\u00eb aksident, m\u00eb than\u00eb, nuk g\u00ebnjej, nuk jam m\u00ebsuar t\u00eb g\u00ebnjej, Ylli kishte ardhur p\u00ebrpara meje, e kishin sjell\u00eb n\u00eb sht\u00ebpi. Vjehrri im i binte kok\u00ebs me grushta. Nuk mbaj mend m\u00eb, por mbrapa e d\u00ebgjova q\u00eb Ylli e kishte kapur n\u00eb qaf\u00eb dhe i kishte th\u00ebn\u00eb \u201cbabi un\u00eb t\u00eb t\u00eb kem ty se un\u00eb b\u00ebj djal\u00eb tjet\u00ebr prap\u00eb\u201d.<\/em><\/p>\n\n\n\n<p><strong>Eni \u00c7obani: <\/strong><em>Pra Ylli ta&nbsp; kap\u00ebrcej\u00eb at\u00eb dhimbje kaq t\u00eb madhe\u2026<\/em><\/p>\n\n\n\n<p><strong>Nashifer: <\/strong><em>Kaq shum\u00eb e donte t\u00eb atin sa i tha \u201cbabi, un\u00eb t\u00eb kem ty, mos b\u00ebj k\u00ebshtu se do b\u00ebj djal\u00eb tjet\u00ebr prap\u00eb\u201d.<\/em><\/p>\n\n\n\n<figure class=\"wp-block-embed is-type-video is-provider-youtube wp-block-embed-youtube wp-embed-aspect-16-9 wp-has-aspect-ratio\"><div class=\"wp-block-embed__wrapper\">\n<div class=\"jeg_video_container jeg_video_content\"><iframe title=\"Tragjedia\/Humbi djalin 5 vje\u00e7, n\u00ebna e ngash\u00ebryer: Burri i tha vjehrrit t\u00eb t\u00eb kem ty se b\u00ebj tjet\u00ebr...\" width=\"500\" height=\"281\" src=\"https:\/\/www.youtube.com\/embed\/AWvZuu2pz7Y?feature=oembed\" frameborder=\"0\" allow=\"accelerometer; autoplay; clipboard-write; encrypted-media; gyroscope; picture-in-picture; web-share\" referrerpolicy=\"strict-origin-when-cross-origin\" allowfullscreen><\/iframe><\/div>\n<\/div><\/figure>\n","protected":false},"excerpt":{"rendered":"<p>Nashiferi, n\u00ebna q\u00eb \u00ebsht\u00eb sjell\u00eb n\u00eb \u201cShihemi n\u00eb Gjyq\u201d nga vajza e saj, Dorina e ka filluar jet\u00ebn bashk\u00ebshortore me shum\u00eb v\u00ebshtir\u00ebsi. Fillimisht ka jetuar me familjar\u00ebt e burrit, 8 persona q\u00eb banonin n\u00eb nj\u00eb sht\u00ebpi 1+1. Paralelisht me t\u00eb, ishte shtatz\u00ebn\u00eb dhe vjehrra e t\u00eb dyja kan\u00eb lindur n\u00eb t\u00eb nj\u00ebjt\u00ebn koh\u00eb. Nashiferi \u00ebsht\u00eb [&hellip;]<\/p>\n","protected":false},"author":1,"featured_media":36629,"comment_status":"closed","ping_status":"open","sticky":false,"template":"","format":"standard","meta":{"jnews-multi-image_gallery":[],"jnews_single_post":{"format":"standard"},"jnews_primary_category":[],"footnotes":""},"categories":[1],"tags":[],"class_list":["post-36628","post","type-post","status-publish","format-standard","has-post-thumbnail","hentry","category-news"],"_links":{"self":[{"href":"https:\/\/kohanews.al\/index.php?rest_route=\/wp\/v2\/posts\/36628","targetHints":{"allow":["GET"]}}],"collection":[{"href":"https:\/\/kohanews.al\/index.php?rest_route=\/wp\/v2\/posts"}],"about":[{"href":"https:\/\/kohanews.al\/index.php?rest_route=\/wp\/v2\/types\/post"}],"author":[{"embeddable":true,"href":"https:\/\/kohanews.al\/index.php?rest_route=\/wp\/v2\/users\/1"}],"replies":[{"embeddable":true,"href":"https:\/\/kohanews.al\/index.php?rest_route=%2Fwp%2Fv2%2Fcomments&post=36628"}],"version-history":[{"count":1,"href":"https:\/\/kohanews.al\/index.php?rest_route=\/wp\/v2\/posts\/36628\/revisions"}],"predecessor-version":[{"id":36630,"href":"https:\/\/kohanews.al\/index.php?rest_route=\/wp\/v2\/posts\/36628\/revisions\/36630"}],"wp:featuredmedia":[{"embeddable":true,"href":"https:\/\/kohanews.al\/index.php?rest_route=\/wp\/v2\/media\/36629"}],"wp:attachment":[{"href":"https:\/\/kohanews.al\/index.php?rest_route=%2Fwp%2Fv2%2Fmedia&parent=36628"}],"wp:term":[{"taxonomy":"category","embeddable":true,"href":"https:\/\/kohanews.al\/index.php?rest_route=%2Fwp%2Fv2%2Fcategories&post=36628"},{"taxonomy":"post_tag","embeddable":true,"href":"https:\/\/kohanews.al\/index.php?rest_route=%2Fwp%2Fv2%2Ftags&post=36628"}],"curies":[{"name":"wp","href":"https:\/\/api.w.org\/{rel}","templated":true}]}}