{"id":36637,"date":"2026-04-26T10:37:42","date_gmt":"2026-04-26T09:37:42","guid":{"rendered":"https:\/\/kohanews.al\/?p=36637"},"modified":"2026-04-26T10:37:43","modified_gmt":"2026-04-26T09:37:43","slug":"babai-mjek-vajza-studente-e-mjekesise-kush-jane-dy-viktimat-e-aksidentit-tragjik-ne-lezhe","status":"publish","type":"post","link":"https:\/\/kohanews.al\/?p=36637","title":{"rendered":"Babai mjek, vajza studente e mjek\u00ebsis\u00eb, kush jan\u00eb dy viktimat e aksidentit tragjik n\u00eb Lezh\u00eb"},"content":{"rendered":"\n<p>Anton dhe Bora Ke\u00e7it, bab\u00eb e bij\u00eb humb\u00ebn jet\u00ebn n\u00eb nj\u00eb aksident tragjik n\u00eb Lezh\u00eb mbr\u00ebmjen e s\u00eb shtun\u00ebs.<\/p>\n\n\n\n<p>N\u00eb nj\u00eb postim ngush\u00ebllimi t\u00eb shp\u00ebrndar\u00eb nga Drejtoria e Burgjeve, b\u00ebhet me dije se 52-vje\u00e7ari ishte shef i Sh\u00ebndet\u00ebsis\u00eb n\u00eb burgun e Lezh\u00ebs, nd\u00ebrsa e bija 20-vje\u00e7are po ndiqte gjurm\u00ebt e tij n\u00eb Mjek\u00ebsi pasi ishte studente n\u00eb vitin e dyt\u00eb t\u00eb fakultetit.<\/p>\n\n\n\n<p>Anton Ke\u00e7i ka sh\u00ebrbyer p\u00ebr 6 vite n\u00eb sistemin penitenciar, thuhet n\u00eb reagimin e Drejtoris\u00eb.<\/p>\n\n\n\n<p>\u201c<em>Me dhimbje t\u00eb thell\u00eb njoftojm\u00eb se m\u00eb dat\u00eb 25.04.2026, n\u00eb or\u00ebt e mbr\u00ebmjes, n\u00eb aksin rrugor Lezh\u00eb\u2013Gjad\u00ebr, n\u00eb vendin e quajtur Gocaj, si pasoj\u00eb e nj\u00eb aksidenti tragjik ku automjeti ka dal\u00eb nga rruga, kan\u00eb humbur jet\u00ebn Dr. Anton Ke\u00e7i, 52 vje\u00e7, Shef i Sh\u00ebndet\u00ebsis\u00eb n\u00eb IEVP Lezh\u00eb, si dhe vajza e tij 20-vje\u00e7are, studente n\u00eb vitin e dyt\u00eb n\u00eb Fakultetin e Mjek\u00ebsis\u00eb.<\/em><\/p>\n\n\n\n<p><em>Dr. Ke\u00e7i sh\u00ebrbeu me p\u00ebrkushtim p\u00ebr rreth 6 vite n\u00eb sistemin penitenciar, duke l\u00ebn\u00eb pas vler\u00ebsim profesional dhe njer\u00ebzor tek koleg\u00ebt dhe t\u00eb gjith\u00eb ata q\u00eb e njoh\u00ebn.<\/em><\/p>\n\n\n\n<p><em>N\u00eb k\u00ebto momente t\u00eb r\u00ebnda, shprehim ngush\u00ebllimet m\u00eb t\u00eb sinqerta p\u00ebr familjen, koleg\u00ebt dhe t\u00eb af\u00ebrmit. Jemi pran\u00eb bashk\u00ebshortes dhe djalit t\u00eb tij, duke ndar\u00eb dhimbjen e madhe p\u00ebr k\u00ebt\u00eb humbje t\u00eb parakohshme dhe t\u00eb paz\u00ebvend\u00ebsueshme<\/em>\u201d, thuhet n\u00eb postim.<\/p>\n\n\n\n<p>Viktimat punonin me koh\u00eb t\u00eb pjesshme n\u00eb kampin e refugjat\u00ebve n\u00eb Gjad\u00ebr.<\/p>\n","protected":false},"excerpt":{"rendered":"<p>Anton dhe Bora Ke\u00e7it, bab\u00eb e bij\u00eb humb\u00ebn jet\u00ebn n\u00eb nj\u00eb aksident tragjik n\u00eb Lezh\u00eb mbr\u00ebmjen e s\u00eb shtun\u00ebs. N\u00eb nj\u00eb postim ngush\u00ebllimi t\u00eb shp\u00ebrndar\u00eb nga Drejtoria e Burgjeve, b\u00ebhet me dije se 52-vje\u00e7ari ishte shef i Sh\u00ebndet\u00ebsis\u00eb n\u00eb burgun e Lezh\u00ebs, nd\u00ebrsa e bija 20-vje\u00e7are po ndiqte gjurm\u00ebt e tij n\u00eb Mjek\u00ebsi pasi ishte [&hellip;]<\/p>\n","protected":false},"author":1,"featured_media":36638,"comment_status":"closed","ping_status":"open","sticky":false,"template":"","format":"standard","meta":{"jnews-multi-image_gallery":[],"jnews_single_post":{"format":"standard"},"jnews_primary_category":[],"footnotes":""},"categories":[1],"tags":[],"class_list":["post-36637","post","type-post","status-publish","format-standard","has-post-thumbnail","hentry","category-news"],"_links":{"self":[{"href":"https:\/\/kohanews.al\/index.php?rest_route=\/wp\/v2\/posts\/36637","targetHints":{"allow":["GET"]}}],"collection":[{"href":"https:\/\/kohanews.al\/index.php?rest_route=\/wp\/v2\/posts"}],"about":[{"href":"https:\/\/kohanews.al\/index.php?rest_route=\/wp\/v2\/types\/post"}],"author":[{"embeddable":true,"href":"https:\/\/kohanews.al\/index.php?rest_route=\/wp\/v2\/users\/1"}],"replies":[{"embeddable":true,"href":"https:\/\/kohanews.al\/index.php?rest_route=%2Fwp%2Fv2%2Fcomments&post=36637"}],"version-history":[{"count":1,"href":"https:\/\/kohanews.al\/index.php?rest_route=\/wp\/v2\/posts\/36637\/revisions"}],"predecessor-version":[{"id":36639,"href":"https:\/\/kohanews.al\/index.php?rest_route=\/wp\/v2\/posts\/36637\/revisions\/36639"}],"wp:featuredmedia":[{"embeddable":true,"href":"https:\/\/kohanews.al\/index.php?rest_route=\/wp\/v2\/media\/36638"}],"wp:attachment":[{"href":"https:\/\/kohanews.al\/index.php?rest_route=%2Fwp%2Fv2%2Fmedia&parent=36637"}],"wp:term":[{"taxonomy":"category","embeddable":true,"href":"https:\/\/kohanews.al\/index.php?rest_route=%2Fwp%2Fv2%2Fcategories&post=36637"},{"taxonomy":"post_tag","embeddable":true,"href":"https:\/\/kohanews.al\/index.php?rest_route=%2Fwp%2Fv2%2Ftags&post=36637"}],"curies":[{"name":"wp","href":"https:\/\/api.w.org\/{rel}","templated":true}]}}