{"id":36657,"date":"2026-04-27T09:06:06","date_gmt":"2026-04-27T08:06:06","guid":{"rendered":"https:\/\/kohanews.al\/?p=36657"},"modified":"2026-04-27T09:06:06","modified_gmt":"2026-04-27T08:06:06","slug":"zhduket-shqiptari-ne-itali-familja-ngre-alarmin-pas-nje-jave-pa-kontakte","status":"publish","type":"post","link":"https:\/\/kohanews.al\/?p=36657","title":{"rendered":"Zhduket shqiptari n\u00eb Itali, familja ngre alarmin pas nj\u00eb jave pa kontakte.."},"content":{"rendered":"\n<p>Nj\u00eb 37-vje\u00e7ar shqiptar Florind Luka, rezulton i zhdukur prej disa dit\u00ebsh, duke ngritur shqet\u00ebsim t\u00eb madh te familjar\u00ebt e tij.<\/p>\n\n\n\n<p>Sipas informacioneve, ai \u00ebsht\u00eb par\u00eb p\u00ebr her\u00eb t\u00eb fundit t\u00eb m\u00ebrkur\u00ebn, m\u00eb 22 prill, rreth or\u00ebs 10:00, n\u00eb daljen doganore t\u00eb portit t\u00eb trageteve n\u00eb Bari. Q\u00eb prej asaj dite, familja ka humbur \u00e7do kontakt me t\u00eb.<\/p>\n\n\n\n<p>Florind Luka \u00ebsht\u00eb i gjat\u00eb 180 cm, me flok\u00eb kafe t\u00eb \u00e7el\u00ebt dhe mjek\u00ebr t\u00eb shkurt\u00ebr. Ai ka sy kafe dhe zakonisht mban syze dielli.<\/p>\n\n\n\n<p>M\u00ebsohet se ai udh\u00ebtonte me nj\u00eb automjet tip \u201cGolf 5 Plus\u201d, me targ\u00eb DE046DH.<\/p>\n\n\n\n<p>Familjar\u00ebt b\u00ebjn\u00eb me dije se kan\u00eb b\u00ebr\u00eb tashm\u00eb kall\u00ebzim p\u00ebr zhdukjen e tij dhe apelojn\u00eb p\u00ebr ndihm\u00eb nga qytetar\u00ebt. Kushdo q\u00eb ka informacion ose mund ta ket\u00eb par\u00eb, lutet t\u00eb kontaktoj\u00eb menj\u00ebher\u00eb numrin e emergjenc\u00ebs 112.<\/p>\n\n\n\n<p>Florindi \u00ebsht\u00eb baba i dy f\u00ebmij\u00ebve dhe familja e tij n\u00eb Shkod\u00ebr ndodhet n\u00eb nj\u00eb gjendje t\u00eb r\u00ebnd\u00eb emocionale, pas m\u00eb shum\u00eb se nj\u00eb jave pa asnj\u00eb lajm prej tij.<\/p>\n\n\n\n<p>\u00c7do informacion mund t\u00eb jet\u00eb jetik.<\/p>\n\n\n\n<p>Mesazhi i familjar\u00ebve:<\/p>\n\n\n\n<p>SHP\u00cbRNDAJENI SA M\u00cb SHUM\u00cb Q\u00cb T\u00cb JU LUTEM Personi i zhdukur quhet Florind Luka, 37 vje\u00e7. Her\u00ebn e fundit q\u00eb \u00ebsht\u00eb par\u00eb ishte n\u00eb daljen doganore t\u00eb portit t\u00eb trageteve t\u00eb Barit, t\u00eb m\u00ebrkur\u00ebn, m\u00eb 22 prill, rreth or\u00ebs 10:00.<\/p>\n\n\n\n<p>Pothuajse gjithmon\u00eb mban syze dielli, Flok\u00eb kafe t\u00eb \u00e7el\u00ebt me mjek\u00ebr t\u00eb shkurt\u00ebr. Gjat\u00ebsi rreth 180 cm. Sy kafe\/kafe. Udh\u00ebtoni me Golf 5 plus, targ\u00eb gri t\u00eb \u00e7el\u00ebt DE046DH<\/p>\n\n\n\n<p>\u00cbsht\u00eb paraqitur nj\u00eb raport zhdukjeje, k\u00ebshtu q\u00eb n\u00ebse dikush e sheh, kontaktoni 112<\/p>\n\n\n\n<p>Te lutem shperndaje. Ka nje jave qe familja ka humbur kontaktet me Florindin dhe eshte baba i dy femijeve! Jemi ne hall te madh! Ka disa dite qe nuk ka kontakt me familjen ne Shkoder<\/p>\n","protected":false},"excerpt":{"rendered":"<p>Nj\u00eb 37-vje\u00e7ar shqiptar Florind Luka, rezulton i zhdukur prej disa dit\u00ebsh, duke ngritur shqet\u00ebsim t\u00eb madh te familjar\u00ebt e tij. Sipas informacioneve, ai \u00ebsht\u00eb par\u00eb p\u00ebr her\u00eb t\u00eb fundit t\u00eb m\u00ebrkur\u00ebn, m\u00eb 22 prill, rreth or\u00ebs 10:00, n\u00eb daljen doganore t\u00eb portit t\u00eb trageteve n\u00eb Bari. Q\u00eb prej asaj dite, familja ka humbur \u00e7do kontakt [&hellip;]<\/p>\n","protected":false},"author":1,"featured_media":36658,"comment_status":"closed","ping_status":"open","sticky":false,"template":"","format":"standard","meta":{"jnews-multi-image_gallery":[],"jnews_single_post":{"format":"standard"},"jnews_primary_category":[],"footnotes":""},"categories":[1],"tags":[],"class_list":["post-36657","post","type-post","status-publish","format-standard","has-post-thumbnail","hentry","category-news"],"_links":{"self":[{"href":"https:\/\/kohanews.al\/index.php?rest_route=\/wp\/v2\/posts\/36657","targetHints":{"allow":["GET"]}}],"collection":[{"href":"https:\/\/kohanews.al\/index.php?rest_route=\/wp\/v2\/posts"}],"about":[{"href":"https:\/\/kohanews.al\/index.php?rest_route=\/wp\/v2\/types\/post"}],"author":[{"embeddable":true,"href":"https:\/\/kohanews.al\/index.php?rest_route=\/wp\/v2\/users\/1"}],"replies":[{"embeddable":true,"href":"https:\/\/kohanews.al\/index.php?rest_route=%2Fwp%2Fv2%2Fcomments&post=36657"}],"version-history":[{"count":1,"href":"https:\/\/kohanews.al\/index.php?rest_route=\/wp\/v2\/posts\/36657\/revisions"}],"predecessor-version":[{"id":36659,"href":"https:\/\/kohanews.al\/index.php?rest_route=\/wp\/v2\/posts\/36657\/revisions\/36659"}],"wp:featuredmedia":[{"embeddable":true,"href":"https:\/\/kohanews.al\/index.php?rest_route=\/wp\/v2\/media\/36658"}],"wp:attachment":[{"href":"https:\/\/kohanews.al\/index.php?rest_route=%2Fwp%2Fv2%2Fmedia&parent=36657"}],"wp:term":[{"taxonomy":"category","embeddable":true,"href":"https:\/\/kohanews.al\/index.php?rest_route=%2Fwp%2Fv2%2Fcategories&post=36657"},{"taxonomy":"post_tag","embeddable":true,"href":"https:\/\/kohanews.al\/index.php?rest_route=%2Fwp%2Fv2%2Ftags&post=36657"}],"curies":[{"name":"wp","href":"https:\/\/api.w.org\/{rel}","templated":true}]}}