{"id":36660,"date":"2026-04-27T11:25:26","date_gmt":"2026-04-27T10:25:26","guid":{"rendered":"https:\/\/kohanews.al\/?p=36660"},"modified":"2026-04-27T12:54:43","modified_gmt":"2026-04-27T11:54:43","slug":"vrasja-e-cftit-ne-balldren-zbulohet-motivi-i-ngjarjes-ne-kerkim-tre-autoret-e-dyshuar","status":"publish","type":"post","link":"https:\/\/kohanews.al\/?p=36660","title":{"rendered":"Vrasja e \u00e7ftit n\u00eb Balldren, zbulohet motivi i ngjarjes, n\u00eb k\u00ebrkim tre autor\u00ebt e dyshuar.."},"content":{"rendered":"\n<p>Policia ka shpallur n\u00eb k\u00ebrkim tre persona n\u00eb lidhje me atentatin e ndodhur dje n\u00eb Balldren, ku u vran\u00eb n\u00eb makin\u00ebn e tyre \u00e7ifti i bashk\u00ebshort\u00ebve Kreshnik dhe Gentiana Mujeci,.<\/p>\n\n\n\n<p>Drejtori i Drejtoris\u00eb Vendore t\u00eb Policis\u00eb Lezh\u00eb, Arben Nasufi, b\u00ebri me dije p\u00ebrmes nj\u00eb konference p\u00ebr mediat, se tre autor\u00ebt e dyshuar jan\u00eb identifikuar, dhe jan\u00eb shpallur n\u00eb k\u00ebrkim. Gazetari Igli&nbsp;\u00c7elmeta raporton se b\u00ebhet fjal\u00eb p\u00ebr shtetasit&nbsp;Adriano Mhillaj 22 vjec, Florin Mhillaj 36 vje\u00e7 dhe Renato Mhillaj 23 vje\u00e7.<\/p>\n\n\n\n<p>Sipas &#8220;bluve&#8221;&nbsp;dyshohet q\u00eb motivi i ngjarjes t\u00eb ket\u00eb qen\u00eb hakmarrja.&nbsp;Renato Mhillaj \u00ebsht\u00eb djali i Geg\u00eb Mhillaj i vrar\u00eb n\u00eb vitin 2016, vrasje p\u00ebr t\u00eb cil\u00ebn ishte i dyshuar&nbsp; Kreshnik Mujeci q\u00eb u ekzekutua dje.<\/p>\n\n\n\n<p>Nj\u00eb&nbsp;automjet tip &#8220;Audi&#8221; ka mbajtur n\u00eb v\u00ebzhgim l\u00ebvizjet e shtetasit Kreshnik Mujeci, nd\u00ebrsa nj\u00eb tjet\u00ebr automjet tip &#8220;Wolkswagen&#8221; i ka prer\u00eb rrug\u00ebn, dhe prej andej&nbsp;\u00ebsht\u00eb&nbsp;q\u00eblluar me bresh\u00ebri arm\u00ebsh n\u00eb drejtim t\u00eb Kreshnik dhe Gentiana Mujecit.&nbsp;<\/p>\n\n\n\n<p>N\u00eb deklarat\u00ebn p\u00ebr media thuhet:<\/p>\n\n\n\n<p><em>&#8220;M\u00eb dat\u00eb 26.04.2026, rreth or\u00ebs 14:50, n\u00eb rrug\u00ebn \u201cBalldren-Torovic\u00eb\u201d, nga shtetas t\u00eb paidentifikuar \u00ebsht\u00eb q\u00eblluar me arm\u00eb zjarri n\u00eb drejtim t\u00eb automjetit q\u00eb drejtohej nga shtetasi Kreshnik Mujeci.&nbsp;&nbsp; Me marrjen e njoftimit, n\u00eb vendngjarje kan\u00eb mb\u00ebrritur menj\u00ebher\u00eb sh\u00ebrbimet e Policis\u00eb dhe ato t\u00eb emergjenc\u00ebs.&nbsp;&nbsp; P\u00ebr t\u00eb hetuar dhe zbardhur ngjarjen, u ngrit nj\u00eb grup i posa\u00e7\u00ebm hetimor, me specialist\u00eb t\u00eb Hetimit t\u00eb Krimeve t\u00eb R\u00ebnda t\u00eb DVP Lezh\u00eb, Departamentit t\u00eb Policis\u00eb Kriminale, si dhe ekspert\u00ebt m\u00eb t\u00eb mir\u00eb kriminalist\u00eb, t\u00eb cil\u00ebt n\u00eb drejtimin e Prokuroris\u00eb, kan\u00eb vijuar intensivisht veprimet hetimore n\u00eb vendin e ngjarjes dhe nj\u00eb s\u00ebr\u00eb veprimesh t\u00eb tjera me metoda proaktive, n\u00eb funksion t\u00eb zbardhjes dhe dokumentimit t\u00eb plot\u00eb ligjor t\u00eb saj.&nbsp;<\/em><\/p>\n\n\n\n<p><em>Hetimet kan\u00eb vijuar me k\u00ebqyrjen&nbsp; dhe administrimin e t\u00eb gjitha pamjeve filmike mbi intinerarin e l\u00ebvizjeve t\u00eb viktimave dhe autor\u00ebve, analizimin e \u00e7do prove materiale dhe si rezultat \u00ebsht\u00eb identifikuar nj\u00ebri prej automjeteve t\u00eb p\u00ebrdorura nga autor\u00ebt, i mark\u00ebs \u201cAudi A4\u201d.&nbsp;&nbsp; N\u00eb vijim t\u00eb hetimeve t\u00eb thelluara dhe profesionale, analizimit t\u00eb \u00e7do prove q\u00eb lidhej me ngjarjen, u b\u00eb i mundur identifikimi i autor\u00ebve t\u00eb dyshuar, konkretisht i shtetasve:<\/em><\/p>\n\n\n\n<p><em>-A. M., 22 vje\u00e7, F. M., 36 vje\u00e7 dhe R. M., 23 vje\u00e7, banues n\u00eb Lezh\u00eb.&nbsp;<\/em><\/p>\n\n\n\n<p><em>Nga dinamika e ngjarjes rezulton se automjeti tip \u201cAudi A4\u201d ka mbajtur n\u00eb v\u00ebzhgim l\u00ebvizjen e shtetasit Kreshnik Mujeci. M\u00eb pas, nj\u00eb automjet tjet\u00ebr, tip \u201cVolkswagen\u201d, pa targa, dyshohet se i ka prer\u00eb rrug\u00ebn automjetit me t\u00eb cilin udh\u00ebtonte shtetasi Kreshnik Mujeci, s\u00eb bashku me bashk\u00ebshorten e tij, dhe shtetasit q\u00eb ishin n\u00eb automjet kan\u00eb q\u00eblluar me bresh\u00ebri arm\u00ebsh n\u00eb drejtim t\u00eb automjetit t\u00eb tij.<\/em><\/p>\n\n\n\n<p><em>Nga veprimet e m\u00ebtejshme hetimore dyshohet se vrasja ka ndodhur p\u00ebr arsye hakmarrjeje.&nbsp;&nbsp; Hetimet vazhdojn\u00eb n\u00eb m\u00ebnyre intensive, n\u00eb drejtimin e Prokuroris\u00eb, p\u00ebr dokumentimin e plot\u00eb ligjor t\u00eb ngjarjes.&nbsp; P\u00ebrsa i p\u00ebrket autor\u00ebve, pas identifikimit t\u00eb tyre, nga ana e strukturave policore jan\u00eb ushtruar kontrolle n\u00eb disa banesa dhe ambiente t\u00eb tjera,&nbsp; por nuk \u00ebsht\u00eb b\u00ebr\u00eb e mundur gjetja e tyre. K\u00ebta shtetas jan\u00eb shpallur n\u00eb k\u00ebrkim.<\/em><\/p>\n\n\n\n<p><em>&nbsp;Operacioni vijon n\u00eb terren, ku jan\u00eb p\u00ebrshir\u00eb Forcat Speciale \u201cRENEA\u201d, Forcat Komb\u00ebtare t\u00eb Siguris\u00eb dhe strukturat operacionale t\u00eb Drejtoris\u00eb Vendore t\u00eb Policis\u00eb Lezh\u00eb, me q\u00ebllim lokalizmin dhe kapjen e tyre.&nbsp; Gjithashtu, vijon puna p\u00ebr gjetjen dhe sekuestrimin e automjeteve dhe t\u00eb arm\u00ebve t\u00eb zjarrit q\u00eb jan\u00eb p\u00ebrdorur p\u00ebr t\u00eb kryer vrasjen.&nbsp; Drejtoria Vendore e Policis\u00eb Lezh\u00eb \u00ebsht\u00eb maksimalisht e angazhuar p\u00ebr&nbsp; garantimin e rendit dhe siguris\u00eb, evidentimin dhe goditjen e paligjshm\u00ebrive dhe n\u00eb k\u00ebt\u00eb kuad\u00ebr fton qytetar\u00ebt, q\u00eb t\u00eb besojn\u00eb dhe t\u00eb mb\u00ebshtesin m\u00eb shum\u00eb strukturat policore, duke denoncuar \u00e7do rast t\u00eb paligjshm\u00ebris\u00eb&#8221;.<\/em><\/p>\n","protected":false},"excerpt":{"rendered":"<p>Policia ka shpallur n\u00eb k\u00ebrkim tre persona n\u00eb lidhje me atentatin e ndodhur dje n\u00eb Balldren, ku u vran\u00eb n\u00eb makin\u00ebn e tyre \u00e7ifti i bashk\u00ebshort\u00ebve Kreshnik dhe Gentiana Mujeci,. Drejtori i Drejtoris\u00eb Vendore t\u00eb Policis\u00eb Lezh\u00eb, Arben Nasufi, b\u00ebri me dije p\u00ebrmes nj\u00eb konference p\u00ebr mediat, se tre autor\u00ebt e dyshuar jan\u00eb identifikuar, dhe [&hellip;]<\/p>\n","protected":false},"author":1,"featured_media":36661,"comment_status":"closed","ping_status":"open","sticky":false,"template":"","format":"standard","meta":{"jnews-multi-image_gallery":[],"jnews_single_post":{"format":"standard"},"jnews_primary_category":[],"footnotes":""},"categories":[1],"tags":[],"class_list":["post-36660","post","type-post","status-publish","format-standard","has-post-thumbnail","hentry","category-news"],"_links":{"self":[{"href":"https:\/\/kohanews.al\/index.php?rest_route=\/wp\/v2\/posts\/36660","targetHints":{"allow":["GET"]}}],"collection":[{"href":"https:\/\/kohanews.al\/index.php?rest_route=\/wp\/v2\/posts"}],"about":[{"href":"https:\/\/kohanews.al\/index.php?rest_route=\/wp\/v2\/types\/post"}],"author":[{"embeddable":true,"href":"https:\/\/kohanews.al\/index.php?rest_route=\/wp\/v2\/users\/1"}],"replies":[{"embeddable":true,"href":"https:\/\/kohanews.al\/index.php?rest_route=%2Fwp%2Fv2%2Fcomments&post=36660"}],"version-history":[{"count":2,"href":"https:\/\/kohanews.al\/index.php?rest_route=\/wp\/v2\/posts\/36660\/revisions"}],"predecessor-version":[{"id":36663,"href":"https:\/\/kohanews.al\/index.php?rest_route=\/wp\/v2\/posts\/36660\/revisions\/36663"}],"wp:featuredmedia":[{"embeddable":true,"href":"https:\/\/kohanews.al\/index.php?rest_route=\/wp\/v2\/media\/36661"}],"wp:attachment":[{"href":"https:\/\/kohanews.al\/index.php?rest_route=%2Fwp%2Fv2%2Fmedia&parent=36660"}],"wp:term":[{"taxonomy":"category","embeddable":true,"href":"https:\/\/kohanews.al\/index.php?rest_route=%2Fwp%2Fv2%2Fcategories&post=36660"},{"taxonomy":"post_tag","embeddable":true,"href":"https:\/\/kohanews.al\/index.php?rest_route=%2Fwp%2Fv2%2Ftags&post=36660"}],"curies":[{"name":"wp","href":"https:\/\/api.w.org\/{rel}","templated":true}]}}