{"id":36666,"date":"2026-04-27T15:37:48","date_gmt":"2026-04-27T14:37:48","guid":{"rendered":"https:\/\/kohanews.al\/?p=36666"},"modified":"2026-04-27T15:37:49","modified_gmt":"2026-04-27T14:37:49","slug":"rama-perplaset-me-spiropalin-heren-e-pare-nuk-votove-te-dyten-bere-carcaf-te-3-ten","status":"publish","type":"post","link":"https:\/\/kohanews.al\/?p=36666","title":{"rendered":"Rama p\u00ebrplaset me Spiropalin: Her\u00ebn e par\u00eb nuk votove, t\u00eb dyt\u00ebn b\u00ebre \u00e7ar\u00e7af, t\u00eb 3-t\u00ebn.."},"content":{"rendered":"\n<p>Sot u zhvillua nj\u00eb mbledhje e grupit parlamentar t\u00eb Partis\u00eb Socialiste, e shoq\u00ebruar me debate t\u00eb brendshme.<\/p>\n\n\n\n<p>Gjat\u00eb diskutimeve, kryeministri Edi Rama pati nj\u00eb p\u00ebrplasje me ish-ministren e Jashtme Elisa Spiropali, pas publikimeve t\u00eb k\u00ebsaj t\u00eb fundit n\u00eb rrjetet sociale, ku ajo kishte shprehur q\u00ebndrime kritike ndaj partis\u00eb.<\/p>\n\n\n\n<p>Sipas burimeve, Rama theksoi se nuk duhet t\u00eb krijohen situata t\u00eb panevojshme brenda partis\u00eb dhe se debatet publike nuk duhet t\u00eb kthehen n\u00eb \u201cdrama\u201d. Ai k\u00ebrkoi m\u00eb shum\u00eb kujdes n\u00eb komunikimin publik nga an\u00ebtar\u00ebt e grupit.<\/p>\n\n\n\n<p>N\u00eb retorik\u00ebn e tij, Rama m\u00ebsohet t\u2019i jet\u00eb drejtuar Spiropalit me fjal\u00ebt: \u201cO je me ne, ose p\u00ebrball\u00eb nesh. Her\u00ebn e par\u00eb nuk votove, t\u00eb dyt\u00ebn b\u00ebre \u00e7ar\u00e7af, t\u00eb 3-t\u00ebn del nga grupi\u201d.<\/p>\n\n\n\n<p>Nga ana tjet\u00ebr, Spiropali tentoi t\u00eb jap\u00eb sqarimet e saj, por kryeministri nuk i dha hap\u00ebsir\u00eb p\u00ebr t\u00eb vijuar reagimin n\u00eb at\u00eb moment.<\/p>\n","protected":false},"excerpt":{"rendered":"<p>Sot u zhvillua nj\u00eb mbledhje e grupit parlamentar t\u00eb Partis\u00eb Socialiste, e shoq\u00ebruar me debate t\u00eb brendshme. Gjat\u00eb diskutimeve, kryeministri Edi Rama pati nj\u00eb p\u00ebrplasje me ish-ministren e Jashtme Elisa Spiropali, pas publikimeve t\u00eb k\u00ebsaj t\u00eb fundit n\u00eb rrjetet sociale, ku ajo kishte shprehur q\u00ebndrime kritike ndaj partis\u00eb. Sipas burimeve, Rama theksoi se nuk duhet [&hellip;]<\/p>\n","protected":false},"author":1,"featured_media":36667,"comment_status":"closed","ping_status":"open","sticky":false,"template":"","format":"standard","meta":{"jnews-multi-image_gallery":[],"jnews_single_post":{"format":"standard"},"jnews_primary_category":[],"footnotes":""},"categories":[1],"tags":[],"class_list":["post-36666","post","type-post","status-publish","format-standard","has-post-thumbnail","hentry","category-news"],"_links":{"self":[{"href":"https:\/\/kohanews.al\/index.php?rest_route=\/wp\/v2\/posts\/36666","targetHints":{"allow":["GET"]}}],"collection":[{"href":"https:\/\/kohanews.al\/index.php?rest_route=\/wp\/v2\/posts"}],"about":[{"href":"https:\/\/kohanews.al\/index.php?rest_route=\/wp\/v2\/types\/post"}],"author":[{"embeddable":true,"href":"https:\/\/kohanews.al\/index.php?rest_route=\/wp\/v2\/users\/1"}],"replies":[{"embeddable":true,"href":"https:\/\/kohanews.al\/index.php?rest_route=%2Fwp%2Fv2%2Fcomments&post=36666"}],"version-history":[{"count":1,"href":"https:\/\/kohanews.al\/index.php?rest_route=\/wp\/v2\/posts\/36666\/revisions"}],"predecessor-version":[{"id":36668,"href":"https:\/\/kohanews.al\/index.php?rest_route=\/wp\/v2\/posts\/36666\/revisions\/36668"}],"wp:featuredmedia":[{"embeddable":true,"href":"https:\/\/kohanews.al\/index.php?rest_route=\/wp\/v2\/media\/36667"}],"wp:attachment":[{"href":"https:\/\/kohanews.al\/index.php?rest_route=%2Fwp%2Fv2%2Fmedia&parent=36666"}],"wp:term":[{"taxonomy":"category","embeddable":true,"href":"https:\/\/kohanews.al\/index.php?rest_route=%2Fwp%2Fv2%2Fcategories&post=36666"},{"taxonomy":"post_tag","embeddable":true,"href":"https:\/\/kohanews.al\/index.php?rest_route=%2Fwp%2Fv2%2Ftags&post=36666"}],"curies":[{"name":"wp","href":"https:\/\/api.w.org\/{rel}","templated":true}]}}