{"id":36677,"date":"2026-04-27T22:42:58","date_gmt":"2026-04-27T21:42:58","guid":{"rendered":"https:\/\/kohanews.al\/?p=36677"},"modified":"2026-04-27T22:42:58","modified_gmt":"2026-04-27T21:42:58","slug":"gjendja-shendetesore-e-ilir-metes-bregu-refuzon-te-haje-ushqimin-e","status":"publish","type":"post","link":"https:\/\/kohanews.al\/?p=36677","title":{"rendered":"Gjendja sh\u00ebndet\u00ebsore e Ilir Met\u00ebs, Bregu: Refuzon t\u00eb haj\u00eb \u2018ushqimin e..\u2019&#8230;"},"content":{"rendered":"\n<p>Ilir Meta prej 18 muajsh ndodhet n\u00eb paraburgim dhe pamjet e fundit publike t\u00eb tij ishin ato t\u00eb arrestimit m\u00eb 21 tetor 2024. Por ish-kreu i shtetit n\u00eb seanc\u00ebn e par\u00eb gjyq\u00ebsore ndaj tij \u00ebsht\u00eb shfaqur i transformuar. N\u00eb k\u00ebto muaj n\u00eb izolim ka r\u00ebn\u00eb n\u00eb pesh\u00eb dhe ka p\u00ebsuar nj\u00eb ndryshim n\u00eb pamje.<\/p>\n\n\n\n<p>K\u00ebt\u00eb t\u00eb h\u00ebn\u00eb n\u00eb seanc\u00ebn e par\u00eb q\u00eb u transmetua online, Meta u shfaq pas kafazit t\u00eb xhamit, teksa pran\u00eb tij ishin ish-bashk\u00ebshortja Monika Kryemadhi dhe avokati Kujtim Cakrani. P\u00ebrfaq\u00ebsuesi i Komitetit Shqiptar t\u00eb Helsinkit, Zylyftar Bregu, ka treguar n\u00eb \u2018Top Story\u2019 disa detaje rreth jet\u00ebs pas hekurave t\u00eb ish-presidentit t\u00eb Shqip\u00ebris\u00eb, t\u00eb cilat mendohen se lidhen me gjendjen sh\u00ebndet\u00ebsore t\u00eb tij.<\/p>\n\n\n\n<blockquote class=\"wp-block-quote is-layout-flow wp-block-quote-is-layout-flow\">\n<p><em>\u201cP\u00ebr shkak t\u00eb nj\u00eb marr\u00ebveshjeje q\u00eb kam me Komitetin Shqiptar t\u00eb Helsinkit, nuk mund t\u00eb zbardh shum\u00eb detaje. Disa gj\u00ebra, nisur edhe nga interesi i madh p\u00ebr sh\u00ebndetin e tij, mund t\u2019i them n\u00eb nj\u00eb far\u00eb m\u00ebnyre. Edhe un\u00eb u habita pak kur u ndesha me t\u00eb p\u00ebr gjendjen e tij fizike. Gjat\u00eb bised\u00ebs me t\u00eb, por edhe njohjes q\u00eb kam, mund ta shpjegoj pak. Ka t\u00eb burgosur q\u00eb e ndajn\u00eb qelin\u00eb bashk\u00eb. K\u00ebta njer\u00ebz q\u00eb e quajn\u00eb nj\u00ebri-tjetrin shok buke, b\u00ebjn\u00eb nj\u00eb kalendar q\u00eb familjet t\u2019i sjellin ushqimet n\u00eb dit\u00eb t\u00eb caktuara t\u00eb jav\u00ebs, q\u00eb t\u00eb gjith\u00eb ata t\u00eb han\u00eb ushqim t\u00eb fresk\u00ebt.<\/em><\/p>\n\n\n\n<p><em>Z. Meta q\u00ebndron i vet\u00ebm n\u00eb qeli dhe autoritetet e burgut zgjedhin t\u00eb b\u00ebjn\u00eb nj\u00eb sjellje pak strikte, duke e lejuar familjen q\u00eb t\u2019i sjellin ushqimin e fresk\u00ebt vet\u00ebm nj\u00eb her\u00eb n\u00eb jav\u00eb. Z. Meta refuzon t\u00eb haj\u00eb at\u00eb q\u00eb quhet \u2018ushqimi i komand\u00ebs\u2019, ai zgjedh t\u00eb haj\u00eb 7 dit\u00eb t\u00eb jav\u00ebs at\u00eb ushqim q\u00eb i vjen nj\u00eb her\u00eb n\u00eb jav\u00eb. Ka kufizim kilogram p\u00ebr ushqimin, por struktura nuk e njeh k\u00ebt\u00eb kufizim, vet\u00ebm kur duan ta respektojn\u00eb rigorozisht rregulloren.<\/em><\/p>\n\n\n\n<p><em>Z. Meta u ankua q\u00eb nuk b\u00ebnte koh\u00ebn e duhur t\u00eb ajrimit. Ajo gjendje tregon edhe munges\u00ebn e rrezeve t\u00eb diellit t\u00eb nj\u00eb njeriu q\u00eb ka 1.5 vite n\u00eb paraburgim. Dilte vet\u00ebm nj\u00eb her\u00eb n\u00eb dit\u00eb dhe nuk e b\u00ebnte koh\u00ebn e nevojshme prej dy or\u00ebsh, si\u00e7 \u00ebsht\u00eb n\u00eb pretendimin e tij. Jetonte i vet\u00ebm n\u00eb nj\u00eb qeli, edhe p\u00ebr shkak t\u00eb nj\u00eb plani masash t\u00eb posa\u00e7me q\u00eb drejtoria e p\u00ebrgjithshme e burgjeve ka b\u00ebr\u00eb p\u00ebr sigurin\u00eb e tij\u201d<\/em>, tha nd\u00ebr t\u00eb tjera Bregu.\/ Top Channel<\/p>\n<\/blockquote>\n\n\n\n<p><\/p>\n","protected":false},"excerpt":{"rendered":"<p>Ilir Meta prej 18 muajsh ndodhet n\u00eb paraburgim dhe pamjet e fundit publike t\u00eb tij ishin ato t\u00eb arrestimit m\u00eb 21 tetor 2024. Por ish-kreu i shtetit n\u00eb seanc\u00ebn e par\u00eb gjyq\u00ebsore ndaj tij \u00ebsht\u00eb shfaqur i transformuar. N\u00eb k\u00ebto muaj n\u00eb izolim ka r\u00ebn\u00eb n\u00eb pesh\u00eb dhe ka p\u00ebsuar nj\u00eb ndryshim n\u00eb pamje. K\u00ebt\u00eb [&hellip;]<\/p>\n","protected":false},"author":1,"featured_media":36678,"comment_status":"closed","ping_status":"open","sticky":false,"template":"","format":"standard","meta":{"jnews-multi-image_gallery":[],"jnews_single_post":{"format":"standard"},"jnews_primary_category":[],"footnotes":""},"categories":[1],"tags":[],"class_list":["post-36677","post","type-post","status-publish","format-standard","has-post-thumbnail","hentry","category-news"],"_links":{"self":[{"href":"https:\/\/kohanews.al\/index.php?rest_route=\/wp\/v2\/posts\/36677","targetHints":{"allow":["GET"]}}],"collection":[{"href":"https:\/\/kohanews.al\/index.php?rest_route=\/wp\/v2\/posts"}],"about":[{"href":"https:\/\/kohanews.al\/index.php?rest_route=\/wp\/v2\/types\/post"}],"author":[{"embeddable":true,"href":"https:\/\/kohanews.al\/index.php?rest_route=\/wp\/v2\/users\/1"}],"replies":[{"embeddable":true,"href":"https:\/\/kohanews.al\/index.php?rest_route=%2Fwp%2Fv2%2Fcomments&post=36677"}],"version-history":[{"count":1,"href":"https:\/\/kohanews.al\/index.php?rest_route=\/wp\/v2\/posts\/36677\/revisions"}],"predecessor-version":[{"id":36679,"href":"https:\/\/kohanews.al\/index.php?rest_route=\/wp\/v2\/posts\/36677\/revisions\/36679"}],"wp:featuredmedia":[{"embeddable":true,"href":"https:\/\/kohanews.al\/index.php?rest_route=\/wp\/v2\/media\/36678"}],"wp:attachment":[{"href":"https:\/\/kohanews.al\/index.php?rest_route=%2Fwp%2Fv2%2Fmedia&parent=36677"}],"wp:term":[{"taxonomy":"category","embeddable":true,"href":"https:\/\/kohanews.al\/index.php?rest_route=%2Fwp%2Fv2%2Fcategories&post=36677"},{"taxonomy":"post_tag","embeddable":true,"href":"https:\/\/kohanews.al\/index.php?rest_route=%2Fwp%2Fv2%2Ftags&post=36677"}],"curies":[{"name":"wp","href":"https:\/\/api.w.org\/{rel}","templated":true}]}}