{"id":36680,"date":"2026-04-28T05:10:57","date_gmt":"2026-04-28T04:10:57","guid":{"rendered":"https:\/\/kohanews.al\/?p=36680"},"modified":"2026-04-28T05:10:58","modified_gmt":"2026-04-28T04:10:58","slug":"iliri-ka-probleme-mendore-arjan-curri-ben-deklaraten-e-forte-i-kane-dhene","status":"publish","type":"post","link":"https:\/\/kohanews.al\/?p=36680","title":{"rendered":"Iliri ka probleme mendore, Arjan Curri b\u00ebn deklarat\u00ebn e fort\u00eb: I kan\u00eb dh\u00ebn\u00eb.."},"content":{"rendered":"\n<p>Analisti i njohur Arjan Curri ka shtangur me disa deklarata t\u00eb b\u00ebra mbr\u00ebmjen e sotme n\u00eb emisionin \u201cTop Story\u201d lidhur me ish-presidentin Ilir Meta.<\/p>\n\n\n\n<p>Sipas Currit, Meta vuan nga probleme t\u00eb sh\u00ebndetit mendor, por k\u00ebt\u00eb gj\u00eb nuk e pranon.<\/p>\n\n\n\n<p>Analisti tha se Met\u00ebn e shikon t\u00eb \u201cdehumanizuar si fizikisht dhe mend\u00ebrisht\u201d.<\/p>\n\n\n\n<p>Duke komentuar ato q\u00eb i kan\u00eb ndodhur ish-kryeministrit dhe ish-presidentit, Curri tha se nuk i ka mbetur d\u00ebnim tjet\u00ebr q\u00eb mund t\u2019i jepet, p\u00ebtve\u00e7se \u201ceksekutimit\u201d.<\/p>\n\n\n\n<p>Pjes\u00eb nga debati:<\/p>\n\n\n\n<p>Arjan Curri: Presidentin e kan\u00eb zhb\u00ebr\u00eb fizikisht dhe mend\u00ebrisht. Se k\u00ebtu tani shkojn\u00eb k\u00ebta t\u00eb Helsinkit dhe e pyesin at\u00eb \u201cA je mir\u00eb?\u201d\u2026 Po \u00e7\u2019t\u00eb duhet, se nj\u00eb njeri q\u00eb \u00ebsht\u00eb i s\u00ebmur\u00eb mend\u00ebrisht nuk e pranon k\u00ebt\u00eb gj\u00eb.<\/p>\n\n\n\n<p>Grida Duma: Po mund t\u00eb jet\u00eb edhe q\u00eb nuk e pranon m\u00ebshir\u00ebn more.<\/p>\n\n\n\n<p>Arjan Curri: Un\u00eb si v\u00ebzhgues i jasht\u00ebm, e shoh Met\u00ebn t\u00eb zhb\u00ebr\u00eb, t\u00eb dehumanizuar fizikisht dhe mend\u00ebrisht. Dmth ai \u00ebsht\u00eb d\u00ebnuar tashm\u00eb se nuk ke \u00e7far\u00eb i b\u00ebn m\u00eb shum\u00eb. Ta t\u00ebrheq\u00ebsh zvarr\u00eb, t\u2019i marr\u00ebsh erzin, t\u2019i marr\u00ebsh fytyr\u00ebn, t\u2019i marr\u00ebsh emrin\u2026 ja kan\u00eb b\u00ebr\u00eb t\u00eb gjitha \u00e7a do ti b\u00ebjn\u00eb m\u00eb, vet\u00ebm ekzekutimi mungon.<\/p>\n","protected":false},"excerpt":{"rendered":"<p>Analisti i njohur Arjan Curri ka shtangur me disa deklarata t\u00eb b\u00ebra mbr\u00ebmjen e sotme n\u00eb emisionin \u201cTop Story\u201d lidhur me ish-presidentin Ilir Meta. Sipas Currit, Meta vuan nga probleme t\u00eb sh\u00ebndetit mendor, por k\u00ebt\u00eb gj\u00eb nuk e pranon. Analisti tha se Met\u00ebn e shikon t\u00eb \u201cdehumanizuar si fizikisht dhe mend\u00ebrisht\u201d. Duke komentuar ato q\u00eb [&hellip;]<\/p>\n","protected":false},"author":1,"featured_media":36681,"comment_status":"closed","ping_status":"open","sticky":false,"template":"","format":"standard","meta":{"jnews-multi-image_gallery":[],"jnews_single_post":{"format":"standard"},"jnews_primary_category":[],"footnotes":""},"categories":[1],"tags":[],"class_list":["post-36680","post","type-post","status-publish","format-standard","has-post-thumbnail","hentry","category-news"],"_links":{"self":[{"href":"https:\/\/kohanews.al\/index.php?rest_route=\/wp\/v2\/posts\/36680","targetHints":{"allow":["GET"]}}],"collection":[{"href":"https:\/\/kohanews.al\/index.php?rest_route=\/wp\/v2\/posts"}],"about":[{"href":"https:\/\/kohanews.al\/index.php?rest_route=\/wp\/v2\/types\/post"}],"author":[{"embeddable":true,"href":"https:\/\/kohanews.al\/index.php?rest_route=\/wp\/v2\/users\/1"}],"replies":[{"embeddable":true,"href":"https:\/\/kohanews.al\/index.php?rest_route=%2Fwp%2Fv2%2Fcomments&post=36680"}],"version-history":[{"count":1,"href":"https:\/\/kohanews.al\/index.php?rest_route=\/wp\/v2\/posts\/36680\/revisions"}],"predecessor-version":[{"id":36682,"href":"https:\/\/kohanews.al\/index.php?rest_route=\/wp\/v2\/posts\/36680\/revisions\/36682"}],"wp:featuredmedia":[{"embeddable":true,"href":"https:\/\/kohanews.al\/index.php?rest_route=\/wp\/v2\/media\/36681"}],"wp:attachment":[{"href":"https:\/\/kohanews.al\/index.php?rest_route=%2Fwp%2Fv2%2Fmedia&parent=36680"}],"wp:term":[{"taxonomy":"category","embeddable":true,"href":"https:\/\/kohanews.al\/index.php?rest_route=%2Fwp%2Fv2%2Fcategories&post=36680"},{"taxonomy":"post_tag","embeddable":true,"href":"https:\/\/kohanews.al\/index.php?rest_route=%2Fwp%2Fv2%2Ftags&post=36680"}],"curies":[{"name":"wp","href":"https:\/\/api.w.org\/{rel}","templated":true}]}}