{"id":36691,"date":"2026-04-28T13:30:32","date_gmt":"2026-04-28T12:30:32","guid":{"rendered":"https:\/\/kohanews.al\/?p=36691"},"modified":"2026-04-28T13:30:33","modified_gmt":"2026-04-28T12:30:33","slug":"elisa-spiropali-sfidon-edi-ramen-me-perjashto","status":"publish","type":"post","link":"https:\/\/kohanews.al\/?p=36691","title":{"rendered":"Elisa Spiropali sfidon Edi Ram\u00ebn: M\u00eb p\u00ebrjashto!"},"content":{"rendered":"\n<p>Nj\u00eb p\u00ebrplasje e fort\u00eb \u00ebsht\u00eb regjistruar brenda Partia Socialiste e Shqip\u00ebris\u00eb, pas debatit n\u00eb mbledhjen e fundit t\u00eb grupit parlamentar.<\/p>\n\n\n\n<p>Ish-ministrja Elisa Spiropali reagoi publikisht p\u00ebrmes nj\u00eb postimi n\u00eb rrjetet sociale, duke sfiduar kryeministrin Edi Rama, i cili e kishte paralajm\u00ebruar me p\u00ebrjashtim n\u00eb rast t\u00eb kritikave t\u00eb m\u00ebtejshme ndaj partis\u00eb.<\/p>\n\n\n\n<p>\u201cN\u00ebse q\u00ebndrimet e mia konsiderohen arsye p\u00ebr p\u00ebrjashtim, at\u00ebher\u00eb po e them qet\u00eb dhe qart\u00eb: m\u00eb p\u00ebrjashto\u201d, shprehet Spiropali n\u00eb reagimin e saj.<\/p>\n\n\n\n<p>Ajo thekson se nuk ka sulmuar partin\u00eb, por ka kritikuar m\u00ebnyr\u00ebn e funksionimit t\u00eb saj, duke paralajm\u00ebruar p\u00ebr rreziqe q\u00eb, sipas saj, lidhen me centralizimin e pushtetit dhe zbehjen e rolit politik brenda strukturave.<\/p>\n\n\n\n<p>Spiropali argumenton se mospajtimi nuk duhet par\u00eb si munges\u00eb disipline, por si pjes\u00eb normale e jet\u00ebs politike dhe nj\u00eb form\u00eb besnik\u00ebrie ndaj parimeve. Sipas saj, \u201cpushteti dob\u00ebsohet kur humb aft\u00ebsin\u00eb p\u00ebr vet\u00ebkorrigjim\u201d.<\/p>\n\n\n\n<p>Nga ana tjet\u00ebr, gjat\u00eb mbledhjes s\u00eb grupit parlamentar, kryeministri Rama raportohet se ka mbajtur nj\u00eb q\u00ebndrim t\u00eb ashp\u00ebr, duke paralajm\u00ebruar masa disiplinore ndaj \u00e7do daljeje publike q\u00eb cenon, sipas tij, unitetin e partis\u00eb.<\/p>\n\n\n\n<p>Kjo p\u00ebrplasje nxjerr n\u00eb pah tensionet e brendshme n\u00eb radh\u00ebt e Partia Socialiste e Shqip\u00ebris\u00eb, n\u00eb nj\u00eb moment t\u00eb r\u00ebnd\u00ebsish\u00ebm p\u00ebr sken\u00ebn politike n\u00eb vend.<\/p>\n\n\n\n<p><strong>Reagimi i plot\u00eb:<\/strong><\/p>\n\n\n\n<p>M\u00eb p\u00ebrjashto. Debatet e brendshme, sado t\u00eb forta, nuk duhet t\u00eb shndrrohen n\u00eb spektak\u00ebl nd\u00ebshkimor publik. N\u00ebse kjo ndodh, problemi nuk \u00ebsht\u00eb m\u00eb mospajtimi, \u00ebsht\u00eb frika nga mospajtimi. Ky fakt kok\u00ebfort, ky konstatim i duksh\u00ebm, m\u00eb tep\u00ebr se vet\u00eb paralajm\u00ebrimi, m\u00eb detyron t\u00eb flas. Kur paralajm\u00ebrimi publik b\u00ebhet instrument k\u00ebrc\u00ebnimi, heshtja nuk \u00ebsht\u00eb m\u00eb maturi, \u00ebsht\u00eb dor\u00ebzim.<\/p>\n\n\n\n<p>N\u00ebse q\u00ebndrimi im p\u00ebr m\u00ebnyr\u00ebn si po funksionon partia, qeveria, shteti, konsiderohet arsye p\u00ebr p\u00ebrjashtim, at\u00ebher\u00eb po e them qet\u00eb dhe qart\u00eb: M\u00eb p\u00ebrjashto. Jo si sfid\u00eb personale. Jo si dram\u00eb politike. Jo si sho\u00eb mediatik. Por si prov\u00eb se problemi nuk \u00ebsht\u00eb te fjala q\u00eb ngre shqet\u00ebsim, por te sistemi q\u00eb shqet\u00ebsimin nuk e duron.<\/p>\n\n\n\n<p>Nuk kam sulmuar Partis\u00eb Socialiste. Kam kritikuar modelin q\u00eb n\u00eb disa aspekte po d\u00ebmton edhe Partin\u00eb Socialiste. Kam folur p\u00ebr ndarjen e partis\u00eb nga shteti. P\u00ebr rrezikun q\u00eb politika t\u00eb z\u00ebvend\u00ebsohet nga administrimi. P\u00ebr nj\u00eb logjik\u00eb kontrolli. Ku struktura burokratike dhe pushteti administrativ rrezikojn\u00eb t\u00eb marrin vendin e p\u00ebrfaq\u00ebsimit politik.<\/p>\n\n\n\n<p>N\u00ebse k\u00ebto konsiderohen arsye p\u00ebr p\u00ebrjashtim, at\u00ebher\u00eb pyetja nuk \u00ebsht\u00eb pse flas un\u00eb. Pyetja \u00ebsht\u00eb pse k\u00ebto gj\u00ebra nuk lejohen t\u00eb thuhen. Pushteti nuk dob\u00ebsohet nga kritika. Pushteti dob\u00ebsohet kur humb aft\u00ebsin\u00eb p\u00ebr vet\u00ebkorrigjim. N\u00ebse n\u00eb nj\u00eb forc\u00eb politike q\u00eb ka lindur si projekt emancipimi komb\u00ebtar, kritika trajtohet si devijim, at\u00ebher\u00eb problemi \u00ebsht\u00eb m\u00eb i thell\u00eb se \u00e7do debat. \u00cbsht\u00eb kriz\u00eb kulture politike.<\/p>\n\n\n\n<p>N\u00ebse t\u00eb k\u00ebrkosh q\u00eb institucionet t\u00eb mos kontrollohen, personalizohen, instrumentalizohen, \u00ebsht\u00eb faj, at\u00ebher\u00eb m\u00eb p\u00ebrjashto. N\u00ebse t\u00eb k\u00ebrkosh gar\u00eb e merit\u00eb, brenda e jasht\u00eb partis\u00eb \u00ebsht\u00eb faj, m\u00eb p\u00ebrjashto. N\u00ebse t\u00eb k\u00ebrkosh q\u00eb socialist\u00ebt t\u00eb mos z\u00ebvend\u00ebsohen nga nj\u00eb model \u201cdrejtorokracie\u201d, ku kontributi politik zbehet p\u00ebrball\u00eb kontrollit administrativ, qenka munges\u00eb disipline, m\u00eb p\u00ebrjashto.<\/p>\n\n\n\n<p>N\u00ebse t\u00eb mendosh se pushteti duhet t\u00eb njoh\u00eb vetkufizim, dhe nuk duhet t\u00eb nj\u00ebsohet me strukturat q\u00eb e rrethojn\u00eb, qenka herezi e papranueshme, m\u00eb p\u00ebrjashto. Nuk po mbroj nj\u00eb pozicion. Aq m\u00eb pak nj\u00eb kolltuk. Kryetarll\u00ebkun dhe minist\u00ebrll\u00ebkun nuk ma ka l\u00ebn\u00eb gjyshi apo gjyshja. Po mbroj nj\u00eb parim.<\/p>\n\n\n\n<p>N\u00eb politik\u00eb mospajtimi nuk \u00ebsht\u00eb thyerje e besnik\u00ebris\u00eb. Mospajtimi \u00ebsht\u00eb forma m\u00eb e lart\u00eb e besnik\u00ebris\u00eb. Kur refuzimi p\u00ebr t\u2019u b\u00ebr\u00eb pjes\u00eb e nj\u00eb automatizmi votash n\u00eb Parlament interpretohet si largim nga grupi, at\u00ebher\u00eb problemi nuk \u00ebsht\u00eb disiplina, por ideja se bindja k\u00ebrkohet e verb\u00ebr, pa arsyetim, pa marr\u00eb parasysh pasojat. Kur refuzohet bindja si ritual, nuk po mbrohet uniteti, por po k\u00ebrkohet n\u00ebnshtrim.<\/p>\n\n\n\n<p>Kur nd\u00ebrgjegjja trajtohet si shkelje disipline vet\u00ebm sepse nuk dakord\u00ebsohet me automatizmin e veprimeve, at\u00ebher\u00eb problemi nuk \u00ebsht\u00eb mospajtimi, por modeli q\u00eb e ngat\u00ebrron bindjen me n\u00ebnshtrimin, duke tentuar t\u00eb normalizoj\u00eb deri edhe abuzimin. N\u00ebse edhe k\u00ebt\u00eb e kam gabim, m\u00eb p\u00ebrjashto.<\/p>\n\n\n\n<p>Por t\u00eb pakt\u00ebn t\u00eb b\u00ebhet e qart\u00eb se p\u00ebrjashtimi nuk po ndodh sepse dikush ka tradhtuar partin\u00eb. Po ndodh sepse dikush ka refuzuar t\u00eb hesht\u00eb p\u00ebr m\u00ebnyr\u00ebn si po vepron pushteti n\u00eb em\u00ebr t\u00ebsaj.<\/p>\n\n\n\n<p>Dhe kjo nuk \u00ebsht\u00eb \u00e7\u00ebshtje personale. \u00cbsht\u00eb \u00e7\u00ebshtje se si kuptohet politika. \u00c7far\u00eb ndodh me nj\u00eb parti kur qoft\u00eb edhe nj\u00eb akt politik mosvotimi shihet si armiq\u00ebsi? \u00c7far\u00eb ndodh me nj\u00eb shtet kur kund\u00ebrshtimi trajtohet si k\u00ebrc\u00ebnim? \u00c7far\u00eb ndodh me nj\u00eb shoq\u00ebri kur bindja k\u00ebrkohet si n\u00ebnshtrim?<\/p>\n\n\n\n<p>K\u00ebto nuk jan\u00eb pyetje p\u00ebr fatin tim, t\u00eb cilin e b\u00ebj vet\u00eb pa ndihm\u00ebn e askujt. Jan\u00eb pyetje p\u00ebr m\u00ebnyr\u00ebn si qeveriset. K\u00ebrc\u00ebnimi p\u00ebr p\u00ebrjashtim nga grupi m\u00eb shqet\u00ebson m\u00eb pak se ideja se mund t\u00eb normalizohet mendimi q\u00eb nj\u00eb grupim politik duhet t\u00eb funksionoj\u00eb p\u00ebrmes frik\u00ebs. Nj\u00eb formacion politik ku askush nuk kund\u00ebrshton, nuk \u00ebsht\u00eb i fort\u00eb. \u00cbsht\u00eb i heshtur dhe duhet ruajtur nga zgripi.<\/p>\n\n\n\n<p>Heshtja politike ka qen\u00eb gjithmon\u00eb paralajm\u00ebrim i s\u00eb keqes. Jo rrall\u00eb, nuk tremb forca reale e kund\u00ebrshtarit. Tremb jehona q\u00eb i b\u00ebhet frik\u00ebs. Shum\u00eb struktura kontrolli mbahen jo aq nga forca e tyre, sa nga p\u00ebrfytyrimi i rrejsh\u00ebm q\u00eb t\u00eb tjer\u00ebt kan\u00eb p\u00ebr forc\u00ebn e tyre, p\u00ebr mekanizma q\u00eb mbijetojn\u00eb nga frika q\u00eb prodhojn\u00eb. N\u00ebse nuk dakord\u00ebsohemi as p\u00ebr kaq, m\u00eb p\u00ebrjashto.<\/p>\n\n\n\n<p>N\u00ebse nuk respektohet e drejta t\u00eb flas, madje dhe t\u00eb b\u00ebrtas, kur familja ime politike fillon t\u00eb ket\u00eb frik\u00eb nga fjala, nuk ka dilem\u00eb, zgjidhja \u00ebsht\u00eb 1, m\u00eb p\u00ebrjashto.<\/p>\n\n\n\n<p><\/p>\n","protected":false},"excerpt":{"rendered":"<p>Nj\u00eb p\u00ebrplasje e fort\u00eb \u00ebsht\u00eb regjistruar brenda Partia Socialiste e Shqip\u00ebris\u00eb, pas debatit n\u00eb mbledhjen e fundit t\u00eb grupit parlamentar. Ish-ministrja Elisa Spiropali reagoi publikisht p\u00ebrmes nj\u00eb postimi n\u00eb rrjetet sociale, duke sfiduar kryeministrin Edi Rama, i cili e kishte paralajm\u00ebruar me p\u00ebrjashtim n\u00eb rast t\u00eb kritikave t\u00eb m\u00ebtejshme ndaj partis\u00eb. \u201cN\u00ebse q\u00ebndrimet e mia [&hellip;]<\/p>\n","protected":false},"author":1,"featured_media":36692,"comment_status":"closed","ping_status":"open","sticky":false,"template":"","format":"standard","meta":{"jnews-multi-image_gallery":[],"jnews_single_post":{"format":"standard"},"jnews_primary_category":[],"footnotes":""},"categories":[1],"tags":[],"class_list":["post-36691","post","type-post","status-publish","format-standard","has-post-thumbnail","hentry","category-news"],"_links":{"self":[{"href":"https:\/\/kohanews.al\/index.php?rest_route=\/wp\/v2\/posts\/36691","targetHints":{"allow":["GET"]}}],"collection":[{"href":"https:\/\/kohanews.al\/index.php?rest_route=\/wp\/v2\/posts"}],"about":[{"href":"https:\/\/kohanews.al\/index.php?rest_route=\/wp\/v2\/types\/post"}],"author":[{"embeddable":true,"href":"https:\/\/kohanews.al\/index.php?rest_route=\/wp\/v2\/users\/1"}],"replies":[{"embeddable":true,"href":"https:\/\/kohanews.al\/index.php?rest_route=%2Fwp%2Fv2%2Fcomments&post=36691"}],"version-history":[{"count":1,"href":"https:\/\/kohanews.al\/index.php?rest_route=\/wp\/v2\/posts\/36691\/revisions"}],"predecessor-version":[{"id":36693,"href":"https:\/\/kohanews.al\/index.php?rest_route=\/wp\/v2\/posts\/36691\/revisions\/36693"}],"wp:featuredmedia":[{"embeddable":true,"href":"https:\/\/kohanews.al\/index.php?rest_route=\/wp\/v2\/media\/36692"}],"wp:attachment":[{"href":"https:\/\/kohanews.al\/index.php?rest_route=%2Fwp%2Fv2%2Fmedia&parent=36691"}],"wp:term":[{"taxonomy":"category","embeddable":true,"href":"https:\/\/kohanews.al\/index.php?rest_route=%2Fwp%2Fv2%2Fcategories&post=36691"},{"taxonomy":"post_tag","embeddable":true,"href":"https:\/\/kohanews.al\/index.php?rest_route=%2Fwp%2Fv2%2Ftags&post=36691"}],"curies":[{"name":"wp","href":"https:\/\/api.w.org\/{rel}","templated":true}]}}