{"id":36694,"date":"2026-04-28T14:40:41","date_gmt":"2026-04-28T13:40:41","guid":{"rendered":"https:\/\/kohanews.al\/?p=36694"},"modified":"2026-04-28T14:40:42","modified_gmt":"2026-04-28T13:40:42","slug":"bej-vetem-nje-ajrosje-ne-dite-meta-flet-per-gjendjen-e-tij-shendetesore-4-ore-ne-dite-me","status":"publish","type":"post","link":"https:\/\/kohanews.al\/?p=36694","title":{"rendered":"B\u00ebj vet\u00ebm nj\u00eb ajrosje n\u00eb dit\u00eb\u201d\/ Meta flet p\u00ebr gjendjen e tij sh\u00ebndet\u00ebsore: 4 or\u00eb n\u00eb dit\u00eb m\u00eb.."},"content":{"rendered":"\n<p>Ish-Presidenti Ilir Meta ka publikuar intervist\u00ebn e dh\u00ebn\u00eb n\u00eb \u201cBreaking\u201d n\u00eb Top News me gazetaren Dafina Hysi.<\/p>\n\n\n\n<p>Gjat\u00eb intervist\u00ebs, ai u ndal te gjendja e tij sh\u00ebndet\u00ebsore, ku u shpreh se \u00ebsht\u00eb m\u00eb mir\u00eb se kurr\u00eb, duke shtuar se ndryshe nga t\u00eb paraburgosurit e tjera, atij i lejohet t\u00eb b\u00ebj vet\u00ebm nj\u00eb her\u00eb ajrosje n\u00eb dit\u00eb.<\/p>\n\n\n\n<p>Ai gjithashtu shtoi se skandali i dyt\u00eb lidhet me pengimin e transmetimit live t\u00eb procesit gjyq\u00ebsor, duke th\u00ebn\u00eb se qytetar\u00ebt nuk kan\u00eb pse informohen n\u00eb m\u00ebnyr\u00eb t\u00eb deformuar.<\/p>\n\n\n\n<p><strong>Pjes\u00eb nga intervista-<\/strong><\/p>\n\n\n\n<p><strong>Gazetarja:<\/strong> Meqen\u00ebse u nd\u00ebrpre papritur lidhja telefonike, zoti Meta p\u00ebrse autoritetet e IEPV \u201cJordan Misja\u201d e g\u00ebnjyen Komitetin e Helsinkit?<\/p>\n\n\n\n<p><strong>Meta:<\/strong> G\u00ebnjeshtra ishte shum\u00eb e trash\u00eb, e panevojshme dhe leht\u00ebsisht e verifikueshme, se gjoja edhe un\u00eb b\u00ebj ajrosje 2 her\u00eb n\u00eb dit\u00eb si gjith\u00eb t\u00eb burgosurit.<\/p>\n\n\n\n<p>Nd\u00ebrkoh\u00eb q\u00eb k\u00ebtu, jo vet\u00ebm ambientet e ajrosjes, por edhe dhomat e takimeve apo korridoret jan\u00eb me kamera 24 or\u00eb.<\/p>\n\n\n\n<p>\u00cbsht\u00eb fakt i padiskutuesh\u00ebm se q\u00eb nga 2 korriku i 2025, un\u00eb krejt ndryshe nga \u00e7do i paraburgosur&nbsp; tjet\u00ebr, b\u00ebj vet\u00ebm nj\u00eb her\u00eb n\u00eb dit\u00eb ajrosje.<\/p>\n\n\n\n<p>Natyrisht, kjo nuk m\u00eb pengon t\u00eb ushtrohem n\u00eb qeli, e cila \u201ctransformohet\u201d edhe n\u00eb palest\u00ebr me mjete rrethanore.<\/p>\n\n\n\n<p><strong>Gazetarja:<\/strong> Pati shqet\u00ebsime p\u00ebr paraqitjen fizike dhe gjendjen tuaj sh\u00ebndet\u00ebsore. Apo k\u00ebto lidhen me keqtrajtimin tuaj?<\/p>\n\n\n\n<p><strong>Meta:<\/strong> Gjendja ime fizike, sh\u00ebndet\u00ebsore&nbsp; dhe mendore \u00ebsht\u00eb m\u00eb e mir\u00eb se kurr\u00eb, pavar\u00ebsisht gjith\u00eb privacioneve t\u00eb b\u00ebra publike.<\/p>\n\n\n\n<p>Q\u00eb nga 2 korriku i 2025, kur jam d\u00ebnuar pa nj\u00eb akt vendimi ende zyrtar edhe sot vazhdojn\u00eb t\u00eb gjitha kufizimet, p\u00ebrve\u00e7 gj\u00ebs\u00eb m\u00eb t\u00eb par\u00ebnd\u00ebsishme, ping-pongut, i cili \u00ebsht\u00eb hequr si \u201csanksion\u201d para nj\u00eb muaji.<\/p>\n\n\n\n<p>Me k\u00ebt\u00eb rast dua t\u2019ju siguroj se mbetem kampion absolut dhe me reflekse t\u00eb jasht\u00ebzakonshme.<\/p>\n\n\n\n<p>Sa p\u00ebr dijeni, n\u00ebnkampioni k\u00ebtu \u00ebsht\u00eb nj\u00eb 30-vje\u00e7ar, q\u00eb dikur ka qen\u00eb edhe futbollist.<\/p>\n\n\n\n<p>N\u00ebse m\u00eb rrinte kostumi i madh, kjo nuk ka t\u00eb b\u00ebj\u00eb me faktin se m\u00eb kan\u00eb l\u00ebn\u00eb pa ushqim, si\u00e7 \u00ebsht\u00eb th\u00ebn\u00eb, por me aktivitetin tim fizik q\u00eb m\u00eb merr t\u00eb pakt\u00ebn 4 or\u00eb n\u00eb dit\u00eb, e sidomos me ushtrimet p\u00ebr muskujt e barkut.<\/p>\n\n\n\n<p>Po k\u00ebshtu, dieta ime \u00ebsht\u00eb shum\u00eb e sh\u00ebndetshme fal\u00eb edhe p\u00ebrkujdesjes s\u00eb motr\u00ebs time dhe jo vet\u00ebm.<\/p>\n\n\n\n<p>N\u00ebse shqet\u00ebsimi \u00ebsht\u00eb p\u00ebr modelin e flok\u00ebve, k\u00ebtu nuk ka berber profesionist dhe ky nuk \u00ebsht\u00eb problemi.<\/p>\n\n\n\n<p>N\u00ebse problemi \u00ebsht\u00eb te l\u00ebkura, mos harroni se k\u00ebtu uji \u00ebsht\u00eb plot klor dhe do t\u00eb m\u00eb mjaftonte nj\u00eb jav\u00eb n\u00eb lumin e Valbon\u00ebs ose t\u00eb Shal\u00ebs p\u00ebr ta b\u00ebr\u00eb m\u00eb t\u00eb shndritshme l\u00ebkur\u00ebn edhe se t\u00eb (b)analist\u00ebve q\u00eb b\u00ebjn\u00eb \u201cmake up\u201d para se t\u00eb dalin n\u00eb studio p\u00ebr t\u00eb shfokusuar opinionin publik nga 2 skandalet e GJKKO-s\u00eb dje.<\/p>\n\n\n\n<p>S\u00eb pari, n\u00eb kund\u00ebrshtim edhe me deklarat\u00ebn e Komitetit Shqiptar t\u00eb Helsinkit kund\u00ebr p\u00ebrdorimit t\u00eb kafazit si m\u00ebnyr\u00eb denigruese, antikushtetuese dhe n\u00eb dhunim t\u00eb Konvent\u00ebs Europiane t\u00eb t\u00eb Drejtave t\u00eb Njeriut, pa surpriz\u00eb GJKKO vendosi si standard dje rastin e trajtimit t\u00eb nj\u00eb terroristi maroken n\u00eb Franc\u00eb, p\u00ebrgjegj\u00ebs p\u00ebr sulm kamikaz me pasoj\u00eb vdekjen e dhjet\u00ebra qytetar\u00ebve francez\u00eb.<\/p>\n\n\n\n<p>Ky \u00ebsht\u00eb nj\u00eb turp i ri i Ramaform\u00ebs dhe pjellave t\u00eb tij.<\/p>\n\n\n\n<p>Se si mund t\u00eb jet\u00eb procesi i barabart\u00eb n\u00eb k\u00ebto kushte kur as d\u00ebgjon mir\u00eb, as d\u00ebgjohesh mir\u00eb dhe as kur mund t\u00eb konsultohesh me avokatin, k\u00ebt\u00eb vet\u00ebm njer\u00ebz t\u00eb kapur dhe t\u00eb pafytyr\u00eb mund ta justifikojn\u00eb.<\/p>\n\n\n\n<p>Pra p\u00ebrjashtimi ekstrem mbi precedentin e nj\u00eb terroristi, pranohet si \u201cstandard\u201d nga Gjykata Speciale e nj\u00eb vendi an\u00ebtar t\u00eb K\u00ebshillit t\u00eb Europ\u00ebs e q\u00eb do t\u00eb an\u00ebtar\u00ebsohet n\u00eb BE.<\/p>\n\n\n\n<p>Skandali i dyt\u00eb \u00ebsht\u00eb vendimi p\u00ebr t\u00eb penguar transmetimin live t\u00eb gjith\u00eb procesit t\u00eb gjykimit kur \u00e7\u00ebshtja \u00ebsht\u00eb e interesit t\u00eb lart\u00eb publik dhe qytetar\u00ebt nuk kan\u00eb pse informohen n\u00eb m\u00ebnyr\u00eb t\u00eb deformuar, por duhet t\u00eb d\u00ebgjojn\u00eb vet\u00eb akuzat edhe provat e pretenduara nga SPAK-u, por edhe faktet dhe provat e mia, pasi kam mbajtur tre funksionet m\u00eb t\u00eb larta t\u00eb shtetit si asnj\u00eb tjet\u00ebr n\u00eb historin\u00eb e Shqip\u00ebris\u00eb q\u00eb n\u00eb 1912 dhe duhet t\u00eb jap llogari edhe para qytetar\u00ebve.<\/p>\n\n\n\n<p>Ndaj edhe duhet t\u00eb shohin live se kur, si dhe me \u00e7far\u00eb akti, vendimi, veprimi un\u00eb i kam shkaktuar nj\u00eb qindark\u00eb d\u00ebm shtetit shqiptar.<\/p>\n\n\n\n<p>Ky proces edhe live do t\u00eb jet\u00eb sipas rregullave t\u00eb Gjykat\u00ebs (dhe jo Kuvendit), e cila ka t\u00eb drejt\u00eb t\u00eb sanksionoj\u00eb cilindo q\u00eb shkel etik\u00ebn e procesit apo del jasht\u00eb objektit t\u00eb gjykimit.<\/p>\n\n\n\n<p>P\u00ebr m\u00eb tep\u00ebr, n\u00eb k\u00ebt\u00eb proces nuk ka t\u00eb penduar, por edhe n\u00ebse do t\u00eb kishte n\u00eb k\u00ebt\u00eb rast s\u2019kishte pse t\u00eb jepej live.<\/p>\n\n\n\n<p>Nd\u00ebrsa alibia se mund t\u00eb ndikohen d\u00ebshmitar\u00ebt \u00ebsht\u00eb mashtrim, pasi ata i kan\u00eb dh\u00ebn\u00eb me koh\u00eb d\u00ebshmit\u00eb dhe n\u00ebn p\u00ebrgjegj\u00ebsi penale.<\/p>\n\n\n\n<p>Po k\u00ebshtu tani ato mund t\u00eb publikohen, si\u00e7 kemi b\u00ebr\u00eb edhe ne p\u00ebr disa prej tyre.<\/p>\n\n\n\n<p>Transparenca e k\u00ebtij procesi \u00ebsht\u00eb tmerri i Edi Ram\u00ebs, sepse ai \u00ebsht\u00eb vet\u00eb kall\u00ebzuesi i rrem\u00eb, prokurori militant e falsifikues dhe po k\u00ebshtu edhe gjykat\u00ebsi i vet\u00ebm i k\u00ebtij procesi, pavar\u00ebsisht se nj\u00eb her\u00eb shfaqet me pantallona e her\u00ebn tjet\u00ebr me fund.<\/p>\n","protected":false},"excerpt":{"rendered":"<p>Ish-Presidenti Ilir Meta ka publikuar intervist\u00ebn e dh\u00ebn\u00eb n\u00eb \u201cBreaking\u201d n\u00eb Top News me gazetaren Dafina Hysi. Gjat\u00eb intervist\u00ebs, ai u ndal te gjendja e tij sh\u00ebndet\u00ebsore, ku u shpreh se \u00ebsht\u00eb m\u00eb mir\u00eb se kurr\u00eb, duke shtuar se ndryshe nga t\u00eb paraburgosurit e tjera, atij i lejohet t\u00eb b\u00ebj vet\u00ebm nj\u00eb her\u00eb ajrosje n\u00eb [&hellip;]<\/p>\n","protected":false},"author":1,"featured_media":36695,"comment_status":"closed","ping_status":"open","sticky":false,"template":"","format":"standard","meta":{"jnews-multi-image_gallery":[],"jnews_single_post":{"format":"standard"},"jnews_primary_category":[],"footnotes":""},"categories":[1],"tags":[],"class_list":["post-36694","post","type-post","status-publish","format-standard","has-post-thumbnail","hentry","category-news"],"_links":{"self":[{"href":"https:\/\/kohanews.al\/index.php?rest_route=\/wp\/v2\/posts\/36694","targetHints":{"allow":["GET"]}}],"collection":[{"href":"https:\/\/kohanews.al\/index.php?rest_route=\/wp\/v2\/posts"}],"about":[{"href":"https:\/\/kohanews.al\/index.php?rest_route=\/wp\/v2\/types\/post"}],"author":[{"embeddable":true,"href":"https:\/\/kohanews.al\/index.php?rest_route=\/wp\/v2\/users\/1"}],"replies":[{"embeddable":true,"href":"https:\/\/kohanews.al\/index.php?rest_route=%2Fwp%2Fv2%2Fcomments&post=36694"}],"version-history":[{"count":1,"href":"https:\/\/kohanews.al\/index.php?rest_route=\/wp\/v2\/posts\/36694\/revisions"}],"predecessor-version":[{"id":36696,"href":"https:\/\/kohanews.al\/index.php?rest_route=\/wp\/v2\/posts\/36694\/revisions\/36696"}],"wp:featuredmedia":[{"embeddable":true,"href":"https:\/\/kohanews.al\/index.php?rest_route=\/wp\/v2\/media\/36695"}],"wp:attachment":[{"href":"https:\/\/kohanews.al\/index.php?rest_route=%2Fwp%2Fv2%2Fmedia&parent=36694"}],"wp:term":[{"taxonomy":"category","embeddable":true,"href":"https:\/\/kohanews.al\/index.php?rest_route=%2Fwp%2Fv2%2Fcategories&post=36694"},{"taxonomy":"post_tag","embeddable":true,"href":"https:\/\/kohanews.al\/index.php?rest_route=%2Fwp%2Fv2%2Ftags&post=36694"}],"curies":[{"name":"wp","href":"https:\/\/api.w.org\/{rel}","templated":true}]}}