{"id":36700,"date":"2026-04-28T18:27:47","date_gmt":"2026-04-28T17:27:47","guid":{"rendered":"https:\/\/kohanews.al\/?p=36700"},"modified":"2026-04-28T18:27:59","modified_gmt":"2026-04-28T17:27:59","slug":"vritet-nje-shqiptar-ne-kalamata-te-greqise-shpallet-ne-kerkim-pronari-grek","status":"publish","type":"post","link":"https:\/\/kohanews.al\/?p=36700","title":{"rendered":"Vritet nj\u00eb shqiptar n\u00eb Greqi, shpallet n\u00eb k\u00ebrkim pronari grek"},"content":{"rendered":"\n<p>Nj\u00eb ngjarje e r\u00ebnd\u00eb \u00ebsht\u00eb regjistruar n\u00eb Greqi, ku nj\u00eb shtetas shqiptar \u00ebsht\u00eb gjetur i pajet\u00eb n\u00eb nj\u00eb stall\u00eb bag\u00ebtish n\u00eb zon\u00ebn e Kalamat\u00ebs. Sipas <a href=\"https:\/\/www.protothema.gr\/greece\/article\/1810292\/eglima-sti-messinia-andras-vrethike-nekros-apo-purovolismo-se-stavlo\/\" target=\"_blank\" rel=\"noreferrer noopener\">mediave greke<\/a>, rasti ka ndodhur n\u00eb vendin e quajtur Burnia.<\/p>\n\n\n\n<p>Viktima dyshohet se \u00ebsht\u00eb q\u00eblluar me arm\u00eb gjahu nga nj\u00eb distanc\u00eb e af\u00ebrt, duke p\u00ebsuar plag\u00eb fatale n\u00eb kok\u00eb. Ai punonte n\u00eb stall\u00ebn e lop\u00ebve ku \u00ebsht\u00eb gjetur pa shenja jete.<\/p>\n\n\n\n<p>Autoritetet greke kan\u00eb nisur hetimet p\u00ebr zbardhjen e plot\u00eb t\u00eb ngjarjes, nd\u00ebrsa pronari grek i stall\u00ebs \u00ebsht\u00eb shpallur n\u00eb k\u00ebrkim si person i dyshuar n\u00eb lidhje me vrasjen.<\/p>\n\n\n\n<p>Ende nuk jan\u00eb b\u00ebr\u00eb t\u00eb ditura motivet e mundshme t\u00eb krimit, nd\u00ebrsa policia greke po vijon k\u00ebrkimet n\u00eb terren dhe mbledhjen e provave materiale p\u00ebr t\u00eb p\u00ebrcaktuar rrethanat e sakta t\u00eb ngjarjes.<\/p>\n\n\n\n<p>Hetimet pritet t\u00eb sqarojn\u00eb n\u00eb vijim dinamik\u00ebn e plot\u00eb t\u00eb konfliktit dhe rolin e personave t\u00eb p\u00ebrfshir\u00eb.<\/p>\n","protected":false},"excerpt":{"rendered":"<p>Nj\u00eb ngjarje e r\u00ebnd\u00eb \u00ebsht\u00eb regjistruar n\u00eb Greqi, ku nj\u00eb shtetas shqiptar \u00ebsht\u00eb gjetur i pajet\u00eb n\u00eb nj\u00eb stall\u00eb bag\u00ebtish n\u00eb zon\u00ebn e Kalamat\u00ebs. Sipas mediave greke, rasti ka ndodhur n\u00eb vendin e quajtur Burnia. Viktima dyshohet se \u00ebsht\u00eb q\u00eblluar me arm\u00eb gjahu nga nj\u00eb distanc\u00eb e af\u00ebrt, duke p\u00ebsuar plag\u00eb fatale n\u00eb kok\u00eb. Ai [&hellip;]<\/p>\n","protected":false},"author":1,"featured_media":36701,"comment_status":"closed","ping_status":"open","sticky":false,"template":"","format":"standard","meta":{"jnews-multi-image_gallery":[],"jnews_single_post":{"format":"standard"},"jnews_primary_category":[],"footnotes":""},"categories":[1],"tags":[],"class_list":["post-36700","post","type-post","status-publish","format-standard","has-post-thumbnail","hentry","category-news"],"_links":{"self":[{"href":"https:\/\/kohanews.al\/index.php?rest_route=\/wp\/v2\/posts\/36700","targetHints":{"allow":["GET"]}}],"collection":[{"href":"https:\/\/kohanews.al\/index.php?rest_route=\/wp\/v2\/posts"}],"about":[{"href":"https:\/\/kohanews.al\/index.php?rest_route=\/wp\/v2\/types\/post"}],"author":[{"embeddable":true,"href":"https:\/\/kohanews.al\/index.php?rest_route=\/wp\/v2\/users\/1"}],"replies":[{"embeddable":true,"href":"https:\/\/kohanews.al\/index.php?rest_route=%2Fwp%2Fv2%2Fcomments&post=36700"}],"version-history":[{"count":2,"href":"https:\/\/kohanews.al\/index.php?rest_route=\/wp\/v2\/posts\/36700\/revisions"}],"predecessor-version":[{"id":36703,"href":"https:\/\/kohanews.al\/index.php?rest_route=\/wp\/v2\/posts\/36700\/revisions\/36703"}],"wp:featuredmedia":[{"embeddable":true,"href":"https:\/\/kohanews.al\/index.php?rest_route=\/wp\/v2\/media\/36701"}],"wp:attachment":[{"href":"https:\/\/kohanews.al\/index.php?rest_route=%2Fwp%2Fv2%2Fmedia&parent=36700"}],"wp:term":[{"taxonomy":"category","embeddable":true,"href":"https:\/\/kohanews.al\/index.php?rest_route=%2Fwp%2Fv2%2Fcategories&post=36700"},{"taxonomy":"post_tag","embeddable":true,"href":"https:\/\/kohanews.al\/index.php?rest_route=%2Fwp%2Fv2%2Ftags&post=36700"}],"curies":[{"name":"wp","href":"https:\/\/api.w.org\/{rel}","templated":true}]}}