{"id":36709,"date":"2026-04-28T22:48:29","date_gmt":"2026-04-28T21:48:29","guid":{"rendered":"https:\/\/kohanews.al\/?p=36709"},"modified":"2026-04-28T22:48:30","modified_gmt":"2026-04-28T21:48:30","slug":"kam-halle-rrefehet-doktori-i-fiks-fare-ndihem-i-harruar-askush-sme-pyet-pse-pi-miqte-me-kane","status":"publish","type":"post","link":"https:\/\/kohanews.al\/?p=36709","title":{"rendered":"\u201cKam halle\u201d, Rr\u00ebfehet \u2018Doktori\u2019 i Fiks Fare: Ndihem i harruar. Askush s\u2019m\u00eb pyet pse pi, miqt\u00eb m\u00eb kan\u00eb.."},"content":{"rendered":"\n<p>N\u00eb nj\u00eb rr\u00ebfim t\u00eb ndjer\u00eb n\u00eb \u201cPodcast me Jon\u00ebn\u201d, Pjetri ka folur hapur p\u00ebr jet\u00ebn p\u00ebrtej dritave t\u00eb sken\u00ebs, sfidat personale dhe zhg\u00ebnjimet q\u00eb ka p\u00ebrjetuar nd\u00ebr vite.<\/p>\n\n\n\n<p>I emocionuar, ai u ndal te paragjykimet dhe etiketimet q\u00eb, sipas tij, i jan\u00eb b\u00ebr\u00eb pa e njohur t\u00eb v\u00ebrtet\u00ebn e jet\u00ebs s\u00eb tij. Pjetri tha se sot njer\u00ebzit gjykojn\u00eb m\u00eb shpejt sesa p\u00ebrpiqen t\u00eb kuptojn\u00eb arsyet q\u00eb fshihen pas nj\u00eb sjelljeje apo gjendjeje.<br>\u201cGjithmon\u00eb thon\u00eb pi nj\u00eb got\u00eb\u2026 Po pse? Askush nuk pyet \u00e7far\u00eb hallesh kam, \u00e7far\u00eb po kaloj\u201d, u shpreh ai.<\/p>\n\n\n\n<p>N\u00eb rr\u00ebfimin e tij, ai foli edhe p\u00ebr miq\u00ebsit\u00eb e humbura dhe zhg\u00ebnjimet nga njer\u00ebz q\u00eb dikur i konsideronte t\u00eb af\u00ebrt.<\/p>\n\n\n\n<p>\u201cKam pasur miq, shok\u00eb, koleg\u00eb\u2026 dhe jam zhg\u00ebnjyer shum\u00eb\u201d, tha Pjetri, duke theksuar se p\u00ebr t\u00eb miq\u00ebsia e v\u00ebrtet\u00eb mbetet besim dhe past\u00ebrti shpirt\u00ebrore.<\/p>\n\n\n\n<p>\u201cTi e kuptove \u00e7ar m\u00eb ka ndodhur mua? Tani dreq mori gjithmon\u00eb thon\u00eb Genti pi nj\u00eb got\u00eb. Po mir\u00eb a m\u00eb thua dot pse? Pse more kam dhe un\u00eb halle kam dhe un\u00eb nj\u00eb lloj. Dakord e pi got\u00eb dy e tre, po askush nuk pyeti kush \u00ebsht\u00eb shkaku q\u00eb m\u00eb\u00e7oi mua deri k\u00ebt\u00eb pik\u00eb. Pyesin koleg\u00ebt, \u201cmiqt\u00eb\u201d, nuk \u00ebsht\u00eb e leht\u00eb t\u00eb zgjedh\u00ebsh. Ne jemi njer\u00ebz q\u00eb ndikohemi, gjykojn\u00eb t\u00eb gjith\u00eb edhe kush\u00ebriri 11 a 15 nuk \u00ebsht\u00eb mir\u00eb k\u00ebshtu, por askush nuk pyet pse\u201d, thot\u00eb Pjetri , i ci ili m\u00eb tej flet edhe p\u00ebr ato \u201cmiq\u00ebsi\u201d q\u00eb tanim\u00eb prej koh\u00ebs ia kan\u00eb kthyer shpin\u00ebn.<\/p>\n\n\n\n<p>\u201cPast\u00ebrti \u00ebsht\u00eb miq\u00ebsi. N\u00ebse kam nj\u00eb mik dhe shok e fus n\u00eb shpi dhe i hap der\u00ebn them k y\u00ebsht\u00eb miku im, shoku im. E dua si v\u00eblla. Me aq mund\u00ebsi sa kam. Kam pasur miq, shok\u00eb, koleg\u00eb dhe jo jam zhg\u00ebnjyer, por shum\u00eb\u201d, shton m\u00eb tej ai.<\/p>\n","protected":false},"excerpt":{"rendered":"<p>N\u00eb nj\u00eb rr\u00ebfim t\u00eb ndjer\u00eb n\u00eb \u201cPodcast me Jon\u00ebn\u201d, Pjetri ka folur hapur p\u00ebr jet\u00ebn p\u00ebrtej dritave t\u00eb sken\u00ebs, sfidat personale dhe zhg\u00ebnjimet q\u00eb ka p\u00ebrjetuar nd\u00ebr vite. I emocionuar, ai u ndal te paragjykimet dhe etiketimet q\u00eb, sipas tij, i jan\u00eb b\u00ebr\u00eb pa e njohur t\u00eb v\u00ebrtet\u00ebn e jet\u00ebs s\u00eb tij. Pjetri tha se [&hellip;]<\/p>\n","protected":false},"author":1,"featured_media":36710,"comment_status":"closed","ping_status":"open","sticky":false,"template":"","format":"standard","meta":{"jnews-multi-image_gallery":[],"jnews_single_post":{"format":"standard"},"jnews_primary_category":[],"footnotes":""},"categories":[1],"tags":[],"class_list":["post-36709","post","type-post","status-publish","format-standard","has-post-thumbnail","hentry","category-news"],"_links":{"self":[{"href":"https:\/\/kohanews.al\/index.php?rest_route=\/wp\/v2\/posts\/36709","targetHints":{"allow":["GET"]}}],"collection":[{"href":"https:\/\/kohanews.al\/index.php?rest_route=\/wp\/v2\/posts"}],"about":[{"href":"https:\/\/kohanews.al\/index.php?rest_route=\/wp\/v2\/types\/post"}],"author":[{"embeddable":true,"href":"https:\/\/kohanews.al\/index.php?rest_route=\/wp\/v2\/users\/1"}],"replies":[{"embeddable":true,"href":"https:\/\/kohanews.al\/index.php?rest_route=%2Fwp%2Fv2%2Fcomments&post=36709"}],"version-history":[{"count":1,"href":"https:\/\/kohanews.al\/index.php?rest_route=\/wp\/v2\/posts\/36709\/revisions"}],"predecessor-version":[{"id":36711,"href":"https:\/\/kohanews.al\/index.php?rest_route=\/wp\/v2\/posts\/36709\/revisions\/36711"}],"wp:featuredmedia":[{"embeddable":true,"href":"https:\/\/kohanews.al\/index.php?rest_route=\/wp\/v2\/media\/36710"}],"wp:attachment":[{"href":"https:\/\/kohanews.al\/index.php?rest_route=%2Fwp%2Fv2%2Fmedia&parent=36709"}],"wp:term":[{"taxonomy":"category","embeddable":true,"href":"https:\/\/kohanews.al\/index.php?rest_route=%2Fwp%2Fv2%2Fcategories&post=36709"},{"taxonomy":"post_tag","embeddable":true,"href":"https:\/\/kohanews.al\/index.php?rest_route=%2Fwp%2Fv2%2Ftags&post=36709"}],"curies":[{"name":"wp","href":"https:\/\/api.w.org\/{rel}","templated":true}]}}