{"id":36720,"date":"2026-04-29T12:40:16","date_gmt":"2026-04-29T11:40:16","guid":{"rendered":"https:\/\/kohanews.al\/?p=36720"},"modified":"2026-04-29T12:43:17","modified_gmt":"2026-04-29T11:43:17","slug":"do-punesohen-400-persona-firmoset-marreveshja-historike-ne-pashaliman-do-ndertohen","status":"publish","type":"post","link":"https:\/\/kohanews.al\/?p=36720","title":{"rendered":"Do pun\u00ebsohen 400 persona\/ Firmoset marr\u00ebveshja historike, n\u00eb Pashaliman do nd\u00ebrtohen.."},"content":{"rendered":"\n<p>\u00cbsht\u00eb firmosur sot, 29 prill, marr\u00ebveshja mes shoq\u00ebris\u00eb Ficantieri, nj\u00eb nga kompanit\u00eb m\u00eb t\u00eb m\u00ebdha t\u00eb ekselenc\u00ebs n\u00eb Europ\u00eb dhe kompanis\u00eb KAYO, p\u00ebr t\u00eb prodhuar n\u00eb Shqip\u00ebri n\u00eb kantierin e Pashalimanit anije lundruese n\u00eb dobi t\u00eb ushtris\u00eb shqiptare, por dhe t\u00eb vendeve aleate.<\/p>\n\n\n\n<p>Sipas Ministrit t\u00eb Mbrojtjes, Ermal Nufi, kjo marr\u00ebveshje pritet t\u00eb sjell\u00eb rreth 400 vende t\u00eb reja pune dhe t\u00eb rris\u00eb kapacitetet teknologjike t\u00eb kantierit, duke theksuar gjithashtu marr\u00ebdh\u00ebniet e ngushta mes Shqip\u00ebris\u00eb dhe Italis\u00eb dhe rolin global t\u00eb Fincantieri n\u00eb industrin\u00eb e nd\u00ebrtimit t\u00eb anijeve.<\/p>\n\n\n\n<figure class=\"wp-block-embed is-type-video is-provider-youtube wp-block-embed-youtube wp-embed-aspect-16-9 wp-has-aspect-ratio\"><div class=\"wp-block-embed__wrapper\">\n<div class=\"jeg_video_container jeg_video_content\"><iframe title=\"Firmoset marr\u00ebveshja historike, n\u00eb Pashaliman do nd\u00ebrtohen anije ushtarake p\u00ebr Europ\u00ebn dhe vendin!\" width=\"500\" height=\"281\" src=\"https:\/\/www.youtube.com\/embed\/oGghWGheuOA?feature=oembed\" frameborder=\"0\" allow=\"accelerometer; autoplay; clipboard-write; encrypted-media; gyroscope; picture-in-picture; web-share\" referrerpolicy=\"strict-origin-when-cross-origin\" allowfullscreen><\/iframe><\/div>\n<\/div><\/figure>\n\n\n\n<p><em>\u201cShqip\u00ebria b\u00ebhet nj\u00eb baz\u00eb e prodhimit n\u00eb rajon. Rreth 400 persona do t\u00eb pun\u00ebsohen n\u00eb k\u00ebt\u00eb kantier. N\u00eb k\u00ebt\u00eb kantier, i cili do t\u00eb jet\u00eb fjal\u00eb e teknologjis\u00eb s\u00eb fundit. Do t\u00eb rris\u00eb kapacitetin e prodhimit t\u00eb anijeve lundruese. Kjo firmose tregon marr\u00ebdh\u00ebniet e shk\u00eblqyera t\u00eb Shqip\u00ebris\u00eb dhe Italis\u00eb. Fincantieri \u00ebsht\u00eb nj\u00eb kompani q\u00eb ka prodhuar mij\u00ebra anije n\u00ebp\u00ebr bot\u00eb\u201d,<\/em> tha ministri Nufi.<\/p>\n\n\n\n<p>N\u00eb ceremonin\u00eb e n\u00ebnshkrimit, Kryeministri Edi Rama e cil\u00ebsoi k\u00ebt\u00eb marr\u00ebveshje si nj\u00eb zhvillim me r\u00ebnd\u00ebsi t\u00eb ve\u00e7ant\u00eb jo vet\u00ebm ekonomike, por edhe strategjike p\u00ebr vendin, duke theksuar pranin\u00eb e p\u00ebrfaq\u00ebsuesve t\u00eb lart\u00eb t\u00eb Fincantieri dhe kompanis\u00eb Leonardo si d\u00ebshmi e nj\u00eb partneriteti t\u00eb nivelit t\u00eb lart\u00eb nd\u00ebrkomb\u00ebtar.<\/p>\n\n\n\n<p>Rama u shpreh se ky bashk\u00ebpunim p\u00ebrfaq\u00ebson nj\u00eb vizion t\u00eb ri industrial q\u00eb sjell n\u00eb Shqip\u00ebri nj\u00eb \u201cekselenc\u00eb italo-shqiptare\u201d, e cila do t\u00eb ndikoj\u00eb n\u00eb zhvillimin teknologjik dhe profesional t\u00eb vendit.<\/p>\n\n\n\n<p>Kryeministri theksoi gjithashtu se projekti do t\u00eb ket\u00eb ndikim t\u00eb drejtp\u00ebrdrejt\u00eb n\u00eb formimin profesional t\u00eb t\u00eb rinjve, ve\u00e7an\u00ebrisht p\u00ebr vajzat dhe djemt\u00eb e shkoll\u00ebs industriale t\u00eb Vlor\u00ebs, t\u00eb cil\u00ebt do t\u00eb p\u00ebrfshihen n\u00eb procesin e trajnimit dhe pun\u00ebsimit n\u00ebn udh\u00ebheqjen e specialist\u00ebve t\u00eb fush\u00ebs.<\/p>\n\n\n\n<p>Sipas tij, marr\u00ebveshja hap nj\u00eb faz\u00eb t\u00eb re bashk\u00ebpunimi ekonomik dhe industrial, ku Shqip\u00ebria jo vet\u00ebm do t\u00eb p\u00ebrfitoj\u00eb nga teknologjia dhe eksperienca e partner\u00ebve nd\u00ebrkomb\u00ebtar\u00eb, por edhe do t\u00eb kontribuoj\u00eb n\u00eb prodhimin dhe eksportin e mjeteve detare, duke forcuar rolin e saj n\u00eb rajon.<\/p>\n\n\n\n<p><em>\u201cKemi nderin q\u00eb t\u00eb kemi k\u00ebtu me ne p\u00ebrfaq\u00ebsuesit m\u00eb t\u00eb lart\u00eb t\u00eb nj\u00eb prej kompanive t\u00eb ekselenc\u00ebs n\u00eb Europ\u00eb, Fincantieri. Nga ana tjet\u00ebr po sot dhe po k\u00ebtu kemi nj\u00eb p\u00ebrfaq\u00ebsi t\u00eb lart\u00eb t\u00eb kompanis\u00eb Leonardo. Do t\u00eb jemi mir\u00ebkuptuar q\u00eb n\u00eb nderim t\u00eb k\u00ebtyre miqve dhe partner\u00ebve kaq t\u00eb r\u00ebnd\u00ebsish\u00ebm. Kjo marr\u00ebveshje k\u00ebrkon q\u00eb t\u00eb paraqes\u00eb nj\u00eb vizion p\u00ebr t\u00eb shoq\u00ebruar k\u00ebt\u00eb ndryshim me di\u00e7ka speciale, e cila sigurisht do t\u00eb krijoj\u00eb nj\u00eb ekselenc\u00eb italo-shqiptare n\u00eb territorin ton\u00eb.<\/em><\/p>\n\n\n\n<p><em>Nga ana tjet\u00ebr kjo marr\u00ebveshje \u00ebsht\u00eb nj\u00eb lajm shum\u00eb i mir\u00eb p\u00ebr vajzat dhe djemt\u00eb e shkoll\u00ebs industrial t\u00eb Vlor\u00ebs, t\u00eb cil\u00ebt do t\u00eb jen\u00eb t\u00eb par\u00ebt p\u00ebr t\u00eb marr\u00eb pjes\u00eb. Ata do t\u00eb jen\u00eb t\u00eb shoq\u00ebruar n\u00eb rrug\u00ebn e tyre t\u00eb formimit, nga profesionist\u00eb. Kjo marr\u00ebveshje hap rrug\u00ebn dhe p\u00ebr nj\u00eb diskutimi t\u00eb ri, t\u00eb nj\u00eb natyre ekonomike edhe p\u00ebr Fincantierin, por edhe p\u00ebr KAYO-n.<\/em><\/p>\n\n\n\n<p><em>Do t\u00eb jemi t\u00eb par\u00ebt q\u00eb do t\u00eb p\u00ebrfitojm\u00eb nga produktet e k\u00ebsaj marr\u00ebveshjeje. \u00cbsht\u00eb nj\u00eb num\u00ebr optimal, sa i takon pesh\u00ebs dhe p\u00ebrgjegj\u00ebsis\u00eb s\u00eb Shqip\u00ebris\u00eb n\u00eb Mesdhe. Prodhimi do t\u00eb shkoj\u00eb m\u00eb tej p\u00ebr t\u00eb eksportuar k\u00ebto anije. \u00cbsht\u00eb di\u00e7ka fantastike, sepse kemi arritur n\u00eb k\u00ebt\u00eb pik\u00eb\u201d,<\/em> u shpreh kryeministri.<\/p>\n","protected":false},"excerpt":{"rendered":"<p>\u00cbsht\u00eb firmosur sot, 29 prill, marr\u00ebveshja mes shoq\u00ebris\u00eb Ficantieri, nj\u00eb nga kompanit\u00eb m\u00eb t\u00eb m\u00ebdha t\u00eb ekselenc\u00ebs n\u00eb Europ\u00eb dhe kompanis\u00eb KAYO, p\u00ebr t\u00eb prodhuar n\u00eb Shqip\u00ebri n\u00eb kantierin e Pashalimanit anije lundruese n\u00eb dobi t\u00eb ushtris\u00eb shqiptare, por dhe t\u00eb vendeve aleate. Sipas Ministrit t\u00eb Mbrojtjes, Ermal Nufi, kjo marr\u00ebveshje pritet t\u00eb sjell\u00eb rreth [&hellip;]<\/p>\n","protected":false},"author":1,"featured_media":36721,"comment_status":"closed","ping_status":"open","sticky":false,"template":"","format":"standard","meta":{"jnews-multi-image_gallery":[],"jnews_single_post":{"format":"standard"},"jnews_primary_category":[],"footnotes":""},"categories":[1],"tags":[],"class_list":["post-36720","post","type-post","status-publish","format-standard","has-post-thumbnail","hentry","category-news"],"_links":{"self":[{"href":"https:\/\/kohanews.al\/index.php?rest_route=\/wp\/v2\/posts\/36720","targetHints":{"allow":["GET"]}}],"collection":[{"href":"https:\/\/kohanews.al\/index.php?rest_route=\/wp\/v2\/posts"}],"about":[{"href":"https:\/\/kohanews.al\/index.php?rest_route=\/wp\/v2\/types\/post"}],"author":[{"embeddable":true,"href":"https:\/\/kohanews.al\/index.php?rest_route=\/wp\/v2\/users\/1"}],"replies":[{"embeddable":true,"href":"https:\/\/kohanews.al\/index.php?rest_route=%2Fwp%2Fv2%2Fcomments&post=36720"}],"version-history":[{"count":2,"href":"https:\/\/kohanews.al\/index.php?rest_route=\/wp\/v2\/posts\/36720\/revisions"}],"predecessor-version":[{"id":36724,"href":"https:\/\/kohanews.al\/index.php?rest_route=\/wp\/v2\/posts\/36720\/revisions\/36724"}],"wp:featuredmedia":[{"embeddable":true,"href":"https:\/\/kohanews.al\/index.php?rest_route=\/wp\/v2\/media\/36721"}],"wp:attachment":[{"href":"https:\/\/kohanews.al\/index.php?rest_route=%2Fwp%2Fv2%2Fmedia&parent=36720"}],"wp:term":[{"taxonomy":"category","embeddable":true,"href":"https:\/\/kohanews.al\/index.php?rest_route=%2Fwp%2Fv2%2Fcategories&post=36720"},{"taxonomy":"post_tag","embeddable":true,"href":"https:\/\/kohanews.al\/index.php?rest_route=%2Fwp%2Fv2%2Ftags&post=36720"}],"curies":[{"name":"wp","href":"https:\/\/api.w.org\/{rel}","templated":true}]}}