{"id":36725,"date":"2026-04-29T13:22:19","date_gmt":"2026-04-29T12:22:19","guid":{"rendered":"https:\/\/kohanews.al\/?p=36725"},"modified":"2026-04-29T14:42:59","modified_gmt":"2026-04-29T13:42:59","slug":"temperatura-te-larta-dhe-rrebeshe-shiu-ja-si-do-te-nise-muaji-maj","status":"publish","type":"post","link":"https:\/\/kohanews.al\/?p=36725","title":{"rendered":"Temperatura t\u00eb larta dhe rrebeshe shiu, ja si pritet t\u00eb nis\u00eb muaji maj"},"content":{"rendered":"\n<p>N\u00eb nj\u00eb lidhje live p\u00ebr Euronews Albania me Esmeralda Mulja, meteorologia Lajda Porja b\u00ebri parashikimin e motit p\u00ebr dit\u00ebt e fundit t\u00eb muajit prill dhe fillimin e muajit maj.<\/p>\n\n\n\n<p>Sipas saj, gjat\u00eb k\u00ebtyre dit\u00ebve deri dit\u00ebn e premte do t\u00eb kemi nj\u00eb ndryshim gradual t\u00eb motit. Meteorologia theksoi se dita e nes\u00ebrme do t\u00eb jet\u00eb nj\u00eb dit\u00eb me diell, nd\u00ebrsa deri dit\u00ebn e premte do t\u00eb kemi vran\u00ebsira, por me temperatura t\u00eb larta.<\/p>\n\n\n\n<p>Sakaq, ajo theksoi se muaji maj do t\u00eb mbizot\u00ebrohet nga temperatura t\u00eb larta, t\u00eb cilat, si\u00e7 e theksoi edhe ajo, do t\u00eb rriten \u00e7do dit\u00eb gradualisht.<\/p>\n\n\n\n<p>\u201cSot do t\u00eb jet\u00eb nj\u00eb dit\u00eb mjaft e ngroht\u00eb dhe me diell. Presim q\u00eb dit\u00ebn e sotme temperaturat t\u00eb arrijn\u00eb 27 grad\u00eb Celsius. Moti do t\u00eb jet\u00eb i kthjell\u00ebt, vran\u00ebsirat do t\u00eb jen\u00eb pjes\u00ebrisht n\u00eb pjes\u00ebn e dyt\u00eb t\u00eb dit\u00ebs, ku n\u00eb zonat veriore dhe verilindore do t\u00eb ket\u00eb reshje t\u00eb pakta.<\/p>\n\n\n\n<p>Dita e nes\u00ebrme do t\u00eb jet\u00eb kryesisht me vran\u00ebsira t\u00eb shpeshta, do t\u00eb kemi reshje t\u00eb pakta shiu n\u00eb or\u00ebt e para t\u00eb paradites, nd\u00ebrsa pjesa e dyt\u00eb e dit\u00ebs do t\u00eb ket\u00eb edhe rrebeshe, t\u00eb cilat do t\u00eb jen\u00eb kryesisht n\u00eb gjysm\u00ebn lindore, n\u00eb zonat e ul\u00ebta t\u00eb Tiran\u00ebs dhe Elbasanit.<\/p>\n\n\n\n<p>Do t\u00eb kemi gjithashtu nj\u00eb r\u00ebnie t\u00eb temperaturave, pasi vran\u00ebsirat do t\u00eb jen\u00eb mjaft prezente dhe do t\u00eb kemi munges\u00eb t\u00eb rrezatimit t\u00eb diellit. Nes\u00ebr temperaturat do t\u00eb jen\u00eb me maksimum deri n\u00eb 22 grad\u00eb Celsius. \u00cbsht\u00eb nj\u00eb situat\u00eb kalimtare vet\u00ebm p\u00ebr 24 or\u00eb. Nes\u00ebr, p\u00ebrsa i p\u00ebrket er\u00ebs, do t\u00eb kemi nj\u00eb er\u00eb t\u00eb ftoht\u00eb.<\/p>\n\n\n\n<p>Nd\u00ebrsa duke nisur nga e premtja dhe n\u00eb fundjav\u00eb presim nj\u00eb p\u00ebrmir\u00ebsim t\u00eb theksuar t\u00eb motit, ku dita e diel dhe e shtun\u00eb do t\u00eb jen\u00eb me shum\u00eb diell dhe pa reshje, me m\u00ebngjes t\u00eb fresk\u00ebt.<\/p>\n\n\n\n<p>Nd\u00ebrsa t\u00eb diel\u00ebn do t\u00eb kulmoj\u00eb deri n\u00eb 26 grad\u00eb, ku edhe java tjet\u00ebr do t\u00eb jet\u00eb me mot t\u00eb mir\u00eb.<br>Edhe gjat\u00eb k\u00ebsaj jave rrebeshet do t\u00eb jen\u00eb t\u00eb caktuara n\u00eb koh\u00eb t\u00eb ndryshme, nuk \u00ebsht\u00eb se do t\u00eb bjer\u00eb shi gjat\u00eb gjith\u00eb dit\u00ebs.<\/p>\n\n\n\n<p>P\u00ebrsa i p\u00ebrket rajonit, parashikohet q\u00eb t\u00eb ket\u00eb diell dhe temperatura shum\u00eb t\u00eb larta, 24-25 grad\u00eb n\u00eb Kosov\u00eb dhe 25-26 n\u00eb Maqedonin\u00eb e Veriut.<\/p>\n\n\n\n<p>Dita e nes\u00ebrme ka nj\u00eb r\u00ebnie t\u00eb theksuar t\u00eb temperaturave, ku n\u00eb zona t\u00eb caktuara t\u00eb Kosov\u00ebs do t\u00eb ket\u00eb nj\u00eb r\u00ebnie deri n\u00eb 9-10 grad\u00eb, nj\u00eb mas\u00eb e ftoht\u00eb q\u00eb prek veriun e Shqip\u00ebris\u00eb dhe do t\u00eb prek\u00eb dhe pjes\u00ebn m\u00eb t\u00eb madhe t\u00eb Kosov\u00ebs dhe pjes\u00ebrisht Maqedonin\u00eb e Veriut.<\/p>\n\n\n\n<p>Dita e nes\u00ebrme do t\u00eb sh\u00ebnoj\u00eb gjithashtu rrebeshe shiu si n\u00eb Kosov\u00eb dhe n\u00eb Maqedonin\u00eb e Veriut.<br>Duke nisur nga e premtja dhe n\u00eb fundjav\u00eb, moti do t\u00eb p\u00ebrmir\u00ebsohet ndjesh\u00ebm dhe jav\u00ebn tjet\u00ebr temperaturat do t\u00eb ken\u00eb rritje t\u00eb ndjeshme n\u00eb vlerat maksimale. Dhe jav\u00ebn tjet\u00ebr futemi n\u00eb fund t\u00eb pranver\u00ebs. Muaji maj do t\u00eb sh\u00ebnoj\u00eb temperatura shum\u00eb t\u00eb larta n\u00eb vlerat 27-30 grad\u00eb\u201d, u shpreh meteorologia.<\/p>\n\n\n\n<p><\/p>\n","protected":false},"excerpt":{"rendered":"<p>N\u00eb nj\u00eb lidhje live p\u00ebr Euronews Albania me Esmeralda Mulja, meteorologia Lajda Porja b\u00ebri parashikimin e motit p\u00ebr dit\u00ebt e fundit t\u00eb muajit prill dhe fillimin e muajit maj. Sipas saj, gjat\u00eb k\u00ebtyre dit\u00ebve deri dit\u00ebn e premte do t\u00eb kemi nj\u00eb ndryshim gradual t\u00eb motit. Meteorologia theksoi se dita e nes\u00ebrme do t\u00eb jet\u00eb [&hellip;]<\/p>\n","protected":false},"author":1,"featured_media":36726,"comment_status":"closed","ping_status":"open","sticky":false,"template":"","format":"standard","meta":{"jnews-multi-image_gallery":[],"jnews_single_post":{"format":"standard"},"jnews_primary_category":[],"footnotes":""},"categories":[1],"tags":[],"class_list":["post-36725","post","type-post","status-publish","format-standard","has-post-thumbnail","hentry","category-news"],"_links":{"self":[{"href":"https:\/\/kohanews.al\/index.php?rest_route=\/wp\/v2\/posts\/36725","targetHints":{"allow":["GET"]}}],"collection":[{"href":"https:\/\/kohanews.al\/index.php?rest_route=\/wp\/v2\/posts"}],"about":[{"href":"https:\/\/kohanews.al\/index.php?rest_route=\/wp\/v2\/types\/post"}],"author":[{"embeddable":true,"href":"https:\/\/kohanews.al\/index.php?rest_route=\/wp\/v2\/users\/1"}],"replies":[{"embeddable":true,"href":"https:\/\/kohanews.al\/index.php?rest_route=%2Fwp%2Fv2%2Fcomments&post=36725"}],"version-history":[{"count":2,"href":"https:\/\/kohanews.al\/index.php?rest_route=\/wp\/v2\/posts\/36725\/revisions"}],"predecessor-version":[{"id":36728,"href":"https:\/\/kohanews.al\/index.php?rest_route=\/wp\/v2\/posts\/36725\/revisions\/36728"}],"wp:featuredmedia":[{"embeddable":true,"href":"https:\/\/kohanews.al\/index.php?rest_route=\/wp\/v2\/media\/36726"}],"wp:attachment":[{"href":"https:\/\/kohanews.al\/index.php?rest_route=%2Fwp%2Fv2%2Fmedia&parent=36725"}],"wp:term":[{"taxonomy":"category","embeddable":true,"href":"https:\/\/kohanews.al\/index.php?rest_route=%2Fwp%2Fv2%2Fcategories&post=36725"},{"taxonomy":"post_tag","embeddable":true,"href":"https:\/\/kohanews.al\/index.php?rest_route=%2Fwp%2Fv2%2Ftags&post=36725"}],"curies":[{"name":"wp","href":"https:\/\/api.w.org\/{rel}","templated":true}]}}