{"id":36743,"date":"2026-04-30T09:46:33","date_gmt":"2026-04-30T08:46:33","guid":{"rendered":"https:\/\/kohanews.al\/?p=36743"},"modified":"2026-04-30T09:46:33","modified_gmt":"2026-04-30T08:46:33","slug":"pranvere-me-kthesa-reshje-sot-freskim-neser-dhe-vape-ne-horizont","status":"publish","type":"post","link":"https:\/\/kohanews.al\/?p=36743","title":{"rendered":"Pranver\u00eb me kthesa: reshje sot, freskim nes\u00ebr dhe vap\u00eb n\u00eb horizont"},"content":{"rendered":"\n<p>Meteorologia Lajda Porja paralajm\u00ebron nj\u00eb ndryshim t\u00eb menj\u00ebhersh\u00ebm t\u00eb motit, duke sjell\u00eb nj\u00eb kombinim tipik pranveror: reshje, freskim dhe m\u00eb pas rikthim t\u00eb temperaturave t\u00eb larta.<\/p>\n\n\n\n<p>Dita e sotme nisi me vran\u00ebsira n\u00eb pjes\u00ebn m\u00eb t\u00eb madhe t\u00eb vendit, nd\u00ebrsa gjat\u00eb or\u00ebve n\u00eb vijim pritet p\u00ebrkeq\u00ebsim gradual i kushteve atmosferike. Reshjet do t\u00eb shfaqen fillimisht n\u00eb veri dhe m\u00eb pas do t\u00eb p\u00ebrfshijn\u00eb pjes\u00ebn m\u00eb t\u00eb madhe t\u00eb territorit. N\u00eb zonat lindore, p\u00ebrfshir\u00eb Kuk\u00ebsin, Dibr\u00ebn, Elbasanin dhe Kor\u00e7\u00ebn, priten rrebeshe t\u00eb izoluara, madje n\u00eb disa raste edhe bresh\u00ebr.<\/p>\n\n\n\n<p>Temperaturat bien ndjesh\u00ebm krahasuar me dit\u00ebn e djeshme, duke mos kaluar 21\u201322\u00b0C, nga 27\u00b0C q\u00eb u regjistruan m\u00eb par\u00eb.<\/p>\n\n\n\n<p>Kjo situat\u00eb nuk zgjat shum\u00eb. Q\u00eb nga dita e nes\u00ebrme pritet p\u00ebrmir\u00ebsim i duksh\u00ebm i motit, me m\u00eb shum\u00eb kthjellime. Megjithat\u00eb, zonat lindore do t\u00eb mbeten m\u00eb t\u00eb paq\u00ebndrueshme, me rrebeshe t\u00eb shkurtra dhe kalimtare.<\/p>\n\n\n\n<p>Freskimi do t\u00eb ndihet sidomos n\u00eb m\u00ebngjes, ku n\u00eb verilindje temperaturat mund t\u00eb zbresin deri n\u00eb 0\u00b0C, duke rikthyer p\u00ebrkoh\u00ebsisht ndjesin\u00eb e dimrit, pavar\u00ebsisht se jemi n\u00eb fund t\u00eb pranver\u00ebs.<\/p>\n\n\n\n<p>Fundjava sjell stabilizim. T\u00eb shtun\u00ebn dhe t\u00eb diel\u00ebn priten temperatura 24\u201325\u00b0C dhe kushte t\u00eb favorshme p\u00ebr bregdetin, sidomos nga mesi i dit\u00ebs e n\u00eb vijim. M\u00ebngjeset mbeten t\u00eb fresk\u00ebta, por gjat\u00eb dit\u00ebs moti b\u00ebhet i ngroht\u00eb dhe i p\u00ebrshtatsh\u00ebm p\u00ebr aktivitete jasht\u00eb.<\/p>\n\n\n\n<p>Parashikimi afatmes\u00ebm tregon rritje t\u00eb ndjeshme temperaturash pas fundjav\u00ebs. Java e ardhshme mund t\u00eb sjell\u00eb vlera deri n\u00eb 28\u201329\u00b0C, duke sinjalizuar afrimin e nj\u00eb periudhe m\u00eb t\u00eb nxeht\u00eb.<\/p>\n\n\n\n<p>N\u00eb horizont duket edhe vera: sipas sinjaleve klimatike dhe ndikimit t\u00eb fenomenit El Ni\u00f1o, pritet nj\u00eb sezon m\u00eb i nxeht\u00eb se ai i vitit t\u00eb kaluar, me temperatura q\u00eb mund t\u00eb arrijn\u00eb 30\u00b0C q\u00eb n\u00eb muajin maj.<\/p>\n\n\n\n<p>N\u00eb pak fjal\u00eb: reshje dhe freskim afatshkurt\u00ebr, fundjav\u00eb e q\u00ebndrueshme dhe nj\u00eb ver\u00eb q\u00eb pritet t\u00eb vij\u00eb m\u00eb her\u00ebt dhe m\u00eb e nxeht\u00eb se zakonisht.<\/p>\n","protected":false},"excerpt":{"rendered":"<p>Meteorologia Lajda Porja paralajm\u00ebron nj\u00eb ndryshim t\u00eb menj\u00ebhersh\u00ebm t\u00eb motit, duke sjell\u00eb nj\u00eb kombinim tipik pranveror: reshje, freskim dhe m\u00eb pas rikthim t\u00eb temperaturave t\u00eb larta. Dita e sotme nisi me vran\u00ebsira n\u00eb pjes\u00ebn m\u00eb t\u00eb madhe t\u00eb vendit, nd\u00ebrsa gjat\u00eb or\u00ebve n\u00eb vijim pritet p\u00ebrkeq\u00ebsim gradual i kushteve atmosferike. Reshjet do t\u00eb shfaqen fillimisht [&hellip;]<\/p>\n","protected":false},"author":1,"featured_media":32102,"comment_status":"closed","ping_status":"open","sticky":false,"template":"","format":"standard","meta":{"jnews-multi-image_gallery":[],"jnews_single_post":{"format":"standard"},"jnews_primary_category":[],"footnotes":""},"categories":[1],"tags":[],"class_list":["post-36743","post","type-post","status-publish","format-standard","has-post-thumbnail","hentry","category-news"],"_links":{"self":[{"href":"https:\/\/kohanews.al\/index.php?rest_route=\/wp\/v2\/posts\/36743","targetHints":{"allow":["GET"]}}],"collection":[{"href":"https:\/\/kohanews.al\/index.php?rest_route=\/wp\/v2\/posts"}],"about":[{"href":"https:\/\/kohanews.al\/index.php?rest_route=\/wp\/v2\/types\/post"}],"author":[{"embeddable":true,"href":"https:\/\/kohanews.al\/index.php?rest_route=\/wp\/v2\/users\/1"}],"replies":[{"embeddable":true,"href":"https:\/\/kohanews.al\/index.php?rest_route=%2Fwp%2Fv2%2Fcomments&post=36743"}],"version-history":[{"count":1,"href":"https:\/\/kohanews.al\/index.php?rest_route=\/wp\/v2\/posts\/36743\/revisions"}],"predecessor-version":[{"id":36744,"href":"https:\/\/kohanews.al\/index.php?rest_route=\/wp\/v2\/posts\/36743\/revisions\/36744"}],"wp:featuredmedia":[{"embeddable":true,"href":"https:\/\/kohanews.al\/index.php?rest_route=\/wp\/v2\/media\/32102"}],"wp:attachment":[{"href":"https:\/\/kohanews.al\/index.php?rest_route=%2Fwp%2Fv2%2Fmedia&parent=36743"}],"wp:term":[{"taxonomy":"category","embeddable":true,"href":"https:\/\/kohanews.al\/index.php?rest_route=%2Fwp%2Fv2%2Fcategories&post=36743"},{"taxonomy":"post_tag","embeddable":true,"href":"https:\/\/kohanews.al\/index.php?rest_route=%2Fwp%2Fv2%2Ftags&post=36743"}],"curies":[{"name":"wp","href":"https:\/\/api.w.org\/{rel}","templated":true}]}}