{"id":36751,"date":"2026-04-30T16:36:34","date_gmt":"2026-04-30T15:36:34","guid":{"rendered":"https:\/\/kohanews.al\/?p=36751"},"modified":"2026-04-30T16:36:35","modified_gmt":"2026-04-30T15:36:35","slug":"fitoi-betejen-me-semundjen-e-rende-saimir-vishaj-divorcohet-nga-bashkeshortja-iku-me-vrap-duke-me-lene-vetem","status":"publish","type":"post","link":"https:\/\/kohanews.al\/?p=36751","title":{"rendered":"Fitoi betej\u00ebn me s\u00ebmundjen e r\u00ebnd\u00eb, Saimir Vishaj divorcohet nga bashk\u00ebshortja: Iku me vrap duke m\u00eb l\u00ebn\u00eb vet\u00ebm"},"content":{"rendered":"\n<p>Saimir Vishaj ka b\u00ebr\u00eb nj\u00eb postim emocionues n\u00eb rrjetet sociale ku tregon se sot \u00ebsht\u00eb \u201cDe Juro\u201d i divorcuar nga bashk\u00ebshortja. Avokati i njohur q\u00eb arriti t\u00eb fitonte nj\u00eb betej\u00eb t\u00eb r\u00ebnd\u00ebsishme p\u00ebr jet\u00ebn duke luftuar nj\u00eb s\u00ebmundje t\u00eb r\u00ebnd\u00eb, me sa duket duhet t\u00eb kaloj\u00eb nj\u00eb tjet\u00ebr sprov\u00eb.<\/p>\n\n\n\n<p>Postimi i tij \u00ebsht\u00eb emotiv, ku tregon bashk\u00ebjetes\u00ebn e tij 35-vje\u00e7are me zonj\u00ebn n\u00eb fjal\u00eb. Dhe n\u00eb fund e mbyll duke shkruar se sa i vetmuar ndihet.<\/p>\n\n\n\n<p>\u201c<em>Vetmia \u00ebsht\u00eb gj\u00ebja m\u00eb e r\u00ebnd\u00eb q\u00eb i ndodh njeriut. Linda nga dy prind\u00ebr t\u00eb mrekulluesh\u00ebm, u b\u00ebra baba i denj\u00eb i dy djemve me mbiem\u00ebr Vishaj, por \u00e7e do. Sot mamaja e djemve u divorcua nga gjykata e Tiran\u00ebs duke e p\u00ebrdhosur mbiemrin Ruka dhe duke hequr p\u00ebrfundimisht mbiemrin Vishaj.&nbsp;<\/em><\/p>\n\n\n\n<p><em>Ja pra kjo \u00ebsht\u00eb vetmia q\u00eb kur t\u00eb z\u00ebnka nj\u00eb s\u00ebmundje, ish gruaja ik\u00ebn me vrap duke e l\u00ebn\u00eb n\u00eb vetmi at\u00eb q\u00eb kishte 35 vite q\u00eb bashk\u00ebjetonte. Kur ishim mir\u00eb s\u2019kishte vetmi, tashm\u00eb vetmia u ul k\u00ebmb\u00ebkryq n\u00eb sht\u00ebpin\u00eb time<\/em>\u201d, shkruan Vishaj n\u00eb rrjetet sociale.<\/p>\n\n\n\n<p>Kujtojm\u00eb q\u00eb avokati \u00ebsht\u00eb nd\u00ebr m\u00eb t\u00eb njohurit n\u00eb vendin ton\u00eb duke spikatur prej vitesh me pun\u00ebn e tij. Ai ka qen\u00eb kryetar i Shoqat\u00ebs s\u00eb Avokat\u00ebve Penal, por pas peripecive me sh\u00ebndetin ia dor\u00ebzoi stafet\u00ebn Joana Qeleshit.<\/p>\n\n\n\n<figure class=\"wp-block-image\"><img decoding=\"async\" src=\"https:\/\/ilirianews.al\/wp-content\/uploads\/2026\/04\/IMG_3364-859x1024.png\" alt=\"\"\/><\/figure>\n","protected":false},"excerpt":{"rendered":"<p>Saimir Vishaj ka b\u00ebr\u00eb nj\u00eb postim emocionues n\u00eb rrjetet sociale ku tregon se sot \u00ebsht\u00eb \u201cDe Juro\u201d i divorcuar nga bashk\u00ebshortja. Avokati i njohur q\u00eb arriti t\u00eb fitonte nj\u00eb betej\u00eb t\u00eb r\u00ebnd\u00ebsishme p\u00ebr jet\u00ebn duke luftuar nj\u00eb s\u00ebmundje t\u00eb r\u00ebnd\u00eb, me sa duket duhet t\u00eb kaloj\u00eb nj\u00eb tjet\u00ebr sprov\u00eb. Postimi i tij \u00ebsht\u00eb emotiv, ku [&hellip;]<\/p>\n","protected":false},"author":1,"featured_media":36752,"comment_status":"closed","ping_status":"open","sticky":false,"template":"","format":"standard","meta":{"jnews-multi-image_gallery":[],"jnews_single_post":{"format":"standard"},"jnews_primary_category":[],"footnotes":""},"categories":[1],"tags":[],"class_list":["post-36751","post","type-post","status-publish","format-standard","has-post-thumbnail","hentry","category-news"],"_links":{"self":[{"href":"https:\/\/kohanews.al\/index.php?rest_route=\/wp\/v2\/posts\/36751","targetHints":{"allow":["GET"]}}],"collection":[{"href":"https:\/\/kohanews.al\/index.php?rest_route=\/wp\/v2\/posts"}],"about":[{"href":"https:\/\/kohanews.al\/index.php?rest_route=\/wp\/v2\/types\/post"}],"author":[{"embeddable":true,"href":"https:\/\/kohanews.al\/index.php?rest_route=\/wp\/v2\/users\/1"}],"replies":[{"embeddable":true,"href":"https:\/\/kohanews.al\/index.php?rest_route=%2Fwp%2Fv2%2Fcomments&post=36751"}],"version-history":[{"count":1,"href":"https:\/\/kohanews.al\/index.php?rest_route=\/wp\/v2\/posts\/36751\/revisions"}],"predecessor-version":[{"id":36753,"href":"https:\/\/kohanews.al\/index.php?rest_route=\/wp\/v2\/posts\/36751\/revisions\/36753"}],"wp:featuredmedia":[{"embeddable":true,"href":"https:\/\/kohanews.al\/index.php?rest_route=\/wp\/v2\/media\/36752"}],"wp:attachment":[{"href":"https:\/\/kohanews.al\/index.php?rest_route=%2Fwp%2Fv2%2Fmedia&parent=36751"}],"wp:term":[{"taxonomy":"category","embeddable":true,"href":"https:\/\/kohanews.al\/index.php?rest_route=%2Fwp%2Fv2%2Fcategories&post=36751"},{"taxonomy":"post_tag","embeddable":true,"href":"https:\/\/kohanews.al\/index.php?rest_route=%2Fwp%2Fv2%2Ftags&post=36751"}],"curies":[{"name":"wp","href":"https:\/\/api.w.org\/{rel}","templated":true}]}}