{"id":36754,"date":"2026-04-30T20:30:41","date_gmt":"2026-04-30T19:30:41","guid":{"rendered":"https:\/\/kohanews.al\/?p=36754"},"modified":"2026-04-30T20:30:42","modified_gmt":"2026-04-30T19:30:42","slug":"ndryshim-drastik-cfare-ka-ndodhur-me-olivia-wilde","status":"publish","type":"post","link":"https:\/\/kohanews.al\/?p=36754","title":{"rendered":"Ndryshim drastik\/ \u00c7far\u00eb ka ndodhur me Olivia Wilde?"},"content":{"rendered":"\n<p>Shfaqja e fundit publike e&nbsp;Olivia Wilde n\u00eb Festivalin Nd\u00ebrkomb\u00ebtar t\u00eb Filmit n\u00eb San Francisko ka shkaktuar shqet\u00ebsim. Aktorja 42-vje\u00e7are b\u00ebri promovimin e filmit t\u00eb saj t\u00eb ri, \u201cThe Invite\u201d, nd\u00ebrsa dhe edhe disa deklarata p\u00ebr gazetar\u00ebt.<\/p>\n\n\n\n<p>Ajo shfaqet me sy t\u00eb fryr\u00eb dhe nj\u00eb fytyr\u00eb t\u00eb holl\u00eb, duke i b\u00ebr\u00eb fansat e saj t\u00eb shqet\u00ebsohen dhe t\u00eb shtrojn\u00eb pyetje n\u00eb rrjete sociale lidhur me arsyen e ndryshimit t\u00eb pamjes s\u00eb saj.<\/p>\n\n\n\n<p>Pamjet kan\u00eb b\u00ebr\u00eb xhiron e rrjetit, nd\u00ebrsa fansat shum\u00eb shpreh\u00ebn frik\u00ebn e tyre p\u00ebr imazhin q\u00eb paraqiste. \u201cA mund t\u00eb m\u00eb shpjegoj\u00eb dikush se si \u00ebsht\u00eb e mundur kjo? \u00c7far\u00eb po e shkakton k\u00ebt\u00eb?\u201d pyeti nj\u00eb tjet\u00ebr.<\/p>\n","protected":false},"excerpt":{"rendered":"<p>Shfaqja e fundit publike e&nbsp;Olivia Wilde n\u00eb Festivalin Nd\u00ebrkomb\u00ebtar t\u00eb Filmit n\u00eb San Francisko ka shkaktuar shqet\u00ebsim. Aktorja 42-vje\u00e7are b\u00ebri promovimin e filmit t\u00eb saj t\u00eb ri, \u201cThe Invite\u201d, nd\u00ebrsa dhe edhe disa deklarata p\u00ebr gazetar\u00ebt. Ajo shfaqet me sy t\u00eb fryr\u00eb dhe nj\u00eb fytyr\u00eb t\u00eb holl\u00eb, duke i b\u00ebr\u00eb fansat e saj t\u00eb shqet\u00ebsohen [&hellip;]<\/p>\n","protected":false},"author":1,"featured_media":36755,"comment_status":"closed","ping_status":"open","sticky":false,"template":"","format":"standard","meta":{"jnews-multi-image_gallery":[],"jnews_single_post":{"format":"standard"},"jnews_primary_category":[],"footnotes":""},"categories":[1],"tags":[],"class_list":["post-36754","post","type-post","status-publish","format-standard","has-post-thumbnail","hentry","category-news"],"_links":{"self":[{"href":"https:\/\/kohanews.al\/index.php?rest_route=\/wp\/v2\/posts\/36754","targetHints":{"allow":["GET"]}}],"collection":[{"href":"https:\/\/kohanews.al\/index.php?rest_route=\/wp\/v2\/posts"}],"about":[{"href":"https:\/\/kohanews.al\/index.php?rest_route=\/wp\/v2\/types\/post"}],"author":[{"embeddable":true,"href":"https:\/\/kohanews.al\/index.php?rest_route=\/wp\/v2\/users\/1"}],"replies":[{"embeddable":true,"href":"https:\/\/kohanews.al\/index.php?rest_route=%2Fwp%2Fv2%2Fcomments&post=36754"}],"version-history":[{"count":1,"href":"https:\/\/kohanews.al\/index.php?rest_route=\/wp\/v2\/posts\/36754\/revisions"}],"predecessor-version":[{"id":36756,"href":"https:\/\/kohanews.al\/index.php?rest_route=\/wp\/v2\/posts\/36754\/revisions\/36756"}],"wp:featuredmedia":[{"embeddable":true,"href":"https:\/\/kohanews.al\/index.php?rest_route=\/wp\/v2\/media\/36755"}],"wp:attachment":[{"href":"https:\/\/kohanews.al\/index.php?rest_route=%2Fwp%2Fv2%2Fmedia&parent=36754"}],"wp:term":[{"taxonomy":"category","embeddable":true,"href":"https:\/\/kohanews.al\/index.php?rest_route=%2Fwp%2Fv2%2Fcategories&post=36754"},{"taxonomy":"post_tag","embeddable":true,"href":"https:\/\/kohanews.al\/index.php?rest_route=%2Fwp%2Fv2%2Ftags&post=36754"}],"curies":[{"name":"wp","href":"https:\/\/api.w.org\/{rel}","templated":true}]}}