{"id":36763,"date":"2026-05-01T10:23:58","date_gmt":"2026-05-01T09:23:58","guid":{"rendered":"https:\/\/kohanews.al\/?p=36763"},"modified":"2026-05-01T10:23:59","modified_gmt":"2026-05-01T09:23:59","slug":"gara-per-kreun-e-pd-shperthen-ish-deputeti-demokrat-po-tallen-te-gjithe-me-ne","status":"publish","type":"post","link":"https:\/\/kohanews.al\/?p=36763","title":{"rendered":"Gara p\u00ebr kreun e PD, \u201cshp\u00ebrthen\u201d ish-deputeti demokrat : Po tallen t\u00eb gjith\u00eb me ne\u2026"},"content":{"rendered":"\n<p>Ish-deputeti i PD-s\u00eb, Myslim Murrizi ka reaguar ashp\u00ebr pasi dit\u00ebn e sotme u zyrtarizua se p\u00ebrball\u00eb Sali Berish\u00ebs, n\u00eb zgjedhjet p\u00ebr kreun e PD-s\u00eb, do t\u00eb kandidoj\u00eb mjekja Mereme Sela.<\/p>\n\n\n\n<p>Murrizi \u00ebsht\u00eb treguar kritik ndaj lidershipit t\u00eb PD-s\u00eb, duke u shprehur se nuk ka nevoj\u00eb p\u00ebr kandidat t\u00eb \u201cshpikur\u201d dhe se kjo situat\u00eb \u00ebsht\u00eb tall\u00ebse dhe fyese p\u00ebr shqiptar\u00ebt.<\/p>\n\n\n\n<p>Po ashtu, ish-deputeti, i cili ka kaluar 13 vite n\u00eb opozit\u00eb, thekson se demokrat\u00ebt nuk kan\u00eb m\u00eb forc\u00eb t\u00eb p\u00ebrballojn\u00eb tallje t\u00eb tilla.<\/p>\n\n\n\n<p>\u201c<em>Partia Demokratike nuk ka pse te tallet me veten dhe me demokratet. <\/em><em>Nuk ka pse shpik kandidatura fallco nga hi\u00e7i per te thene qe ka \u201crivalitet\u201d apo gare mes \u201ckandidatesh\u201d. <\/em><em>Me gjith respektin qe kam per \u00e7do demokrat apo demokrate qe aspiron per karrier ne politik nuk mund te jem fare dakort me formalizma hipokrite qe te rregjistrohet ne fleten e votimit per Kryetar te Partis Demokratike te Shqiperis nje qytetar apo qytetare qe nuk ka asnje \u201c grade\u201d politike ne cv dhe qe nuk ka qen kurre as kryetar seksioni, grupseksioni, dege apo antar kryesie dege, sekretariate, keshill kombetar, kryesi e madhe, grup parlamentar<\/em><\/p>\n\n\n\n<p><em>Statuti i PD nuk detyron qe duhet te kete patjeter kandidat dhe qe patjeter duhet te \u201c shpikim\u201d kandidat artificial. <\/em><em>\u00c7do kandidat apo kandidate, \u201dlaboratorik\u201d apo i shpikur per te thene qe ka gare jo vetem qe e demton pro\u00e7esin e zgjedhjes se Kryetarit te PDSH por eshte shum tallese, fyese dhe denigruese per kontributin e \u00e7do DEMOKRATI.<\/em><\/p>\n\n\n\n<p><em>Sali Berisha nuk ka nevoj per te shpikur kandidat sa koh qe Ai mendon qe te jete ne gare per Kryetar te PDSH, prandaj kushdo rreth Tij qe mendon se po i ben nder duke i \u201c shpikur\u201d kandidat artificial e demton pro\u00e7esin dhe ju jep mundesi te gjith kundershtareve te tallen me PD dhe DEMOKRATET.<\/em><\/p>\n\n\n\n<p><em>DEMOKRATET kane 13 vjet ne opozite qe vuajne arrogancen e pushtetit te Rames. <\/em><em>Nuk besoj qe kane takat te durojne nje tallje tjeter duke ju ofruar si \u201c kandidat\u201d per Kryetar te PD anonim politik apo fallco kandidat\u201d<\/em>, shkruan Murrizi.<\/p>\n","protected":false},"excerpt":{"rendered":"<p>Ish-deputeti i PD-s\u00eb, Myslim Murrizi ka reaguar ashp\u00ebr pasi dit\u00ebn e sotme u zyrtarizua se p\u00ebrball\u00eb Sali Berish\u00ebs, n\u00eb zgjedhjet p\u00ebr kreun e PD-s\u00eb, do t\u00eb kandidoj\u00eb mjekja Mereme Sela. Murrizi \u00ebsht\u00eb treguar kritik ndaj lidershipit t\u00eb PD-s\u00eb, duke u shprehur se nuk ka nevoj\u00eb p\u00ebr kandidat t\u00eb \u201cshpikur\u201d dhe se kjo situat\u00eb \u00ebsht\u00eb tall\u00ebse [&hellip;]<\/p>\n","protected":false},"author":1,"featured_media":36764,"comment_status":"closed","ping_status":"open","sticky":false,"template":"","format":"standard","meta":{"jnews-multi-image_gallery":[],"jnews_single_post":{"format":"standard"},"jnews_primary_category":[],"footnotes":""},"categories":[1],"tags":[],"class_list":["post-36763","post","type-post","status-publish","format-standard","has-post-thumbnail","hentry","category-news"],"_links":{"self":[{"href":"https:\/\/kohanews.al\/index.php?rest_route=\/wp\/v2\/posts\/36763","targetHints":{"allow":["GET"]}}],"collection":[{"href":"https:\/\/kohanews.al\/index.php?rest_route=\/wp\/v2\/posts"}],"about":[{"href":"https:\/\/kohanews.al\/index.php?rest_route=\/wp\/v2\/types\/post"}],"author":[{"embeddable":true,"href":"https:\/\/kohanews.al\/index.php?rest_route=\/wp\/v2\/users\/1"}],"replies":[{"embeddable":true,"href":"https:\/\/kohanews.al\/index.php?rest_route=%2Fwp%2Fv2%2Fcomments&post=36763"}],"version-history":[{"count":1,"href":"https:\/\/kohanews.al\/index.php?rest_route=\/wp\/v2\/posts\/36763\/revisions"}],"predecessor-version":[{"id":36765,"href":"https:\/\/kohanews.al\/index.php?rest_route=\/wp\/v2\/posts\/36763\/revisions\/36765"}],"wp:featuredmedia":[{"embeddable":true,"href":"https:\/\/kohanews.al\/index.php?rest_route=\/wp\/v2\/media\/36764"}],"wp:attachment":[{"href":"https:\/\/kohanews.al\/index.php?rest_route=%2Fwp%2Fv2%2Fmedia&parent=36763"}],"wp:term":[{"taxonomy":"category","embeddable":true,"href":"https:\/\/kohanews.al\/index.php?rest_route=%2Fwp%2Fv2%2Fcategories&post=36763"},{"taxonomy":"post_tag","embeddable":true,"href":"https:\/\/kohanews.al\/index.php?rest_route=%2Fwp%2Fv2%2Ftags&post=36763"}],"curies":[{"name":"wp","href":"https:\/\/api.w.org\/{rel}","templated":true}]}}