{"id":36772,"date":"2026-05-01T19:55:52","date_gmt":"2026-05-01T18:55:52","guid":{"rendered":"https:\/\/kohanews.al\/?p=36772"},"modified":"2026-05-01T19:55:54","modified_gmt":"2026-05-01T18:55:54","slug":"fundjave-me-diell-pastaj-ja-si-ndryshon-moti-ne-5-ditet-ne-vijim","status":"publish","type":"post","link":"https:\/\/kohanews.al\/?p=36772","title":{"rendered":"Fundjav\u00eb me diell, pastaj.. \u2013 Ja si ndryshon moti n\u00eb 5 dit\u00ebt n\u00eb vijim.."},"content":{"rendered":"\n<p><\/p>\n\n\n\n<p>Fundjava sjell nj\u00eb kthes\u00eb pozitive t\u00eb motit, me diell dominues n\u00eb pjes\u00ebn m\u00eb t\u00eb madhe t\u00eb territorit. Vran\u00ebsirat do t\u00eb jen\u00eb t\u00eb lehta dhe kalimtare, m\u00eb t\u00eb dukshme t\u00eb diel\u00ebn, por pa ndikim serioz n\u00eb kushtet atmosferike.<\/p>\n\n\n\n<p>Temperaturat gjat\u00eb fundjav\u00ebs mbeten t\u00eb fresk\u00ebta n\u00eb m\u00ebngjes, me vlera rreth 2\u20133\u00b0C n\u00eb zonat malore, nd\u00ebrsa gjat\u00eb mesdit\u00ebs ngjiten deri n\u00eb 24\u201325\u00b0C, kryesisht n\u00eb ult\u00ebsir\u00ebn per\u00ebndimore. Era do t\u00eb jet\u00eb m\u00eb e fort\u00eb t\u00eb shtun\u00ebn, nd\u00ebrsa t\u00eb diel\u00ebn dob\u00ebsohet ndjesh\u00ebm.<\/p>\n\n\n\n<p>E shtuna dhe e diela karakterizohen nga kthjellime t\u00eb gjera, sidomos n\u00eb bregdet, nd\u00ebrsa n\u00eb zonat lindore dhe veriore mund t\u00eb ket\u00eb vran\u00ebsira t\u00eb her\u00ebpashershme. Megjithat\u00eb, moti mbetet i q\u00ebndruesh\u00ebm dhe pa reshje.<\/p>\n\n\n\n<p>N\u00eb vijim, java nis me kushte t\u00eb ngjashme. E h\u00ebna dhe e marta sjellin m\u00eb shum\u00eb diell dhe temperatura n\u00eb rritje. N\u00eb mes t\u00eb jav\u00ebs, sidomos t\u00eb mart\u00ebn dhe t\u00eb m\u00ebrkur\u00ebn, shtohen vran\u00ebsirat dhe shfaqet mund\u00ebsia p\u00ebr reshje t\u00eb pakta dhe t\u00eb izoluara.<\/p>\n\n\n\n<p>Ajo q\u00eb bie n\u00eb sy \u00ebsht\u00eb rritja e ndjeshme e temperaturave. Nga e h\u00ebna dhe n\u00eb vijim, maksimumet i afrohen 30\u00b0C n\u00eb zonat per\u00ebndimore, nd\u00ebrsa edhe m\u00ebngjeset b\u00ebhen m\u00eb t\u00eb buta, me minimumet q\u00eb ngjiten deri n\u00eb 7\u00b0C n\u00eb zonat malore.<\/p>\n\n\n\n<p>N\u00eb rajon, pjesa m\u00eb e madhe e Ballkanit paraqitet me mot t\u00eb kthjell\u00ebt gjat\u00eb fundjav\u00ebs, nd\u00ebrsa reshjet mbeten t\u00eb kufizuara kryesisht n\u00eb Greqi dhe Turqi. Shqip\u00ebria dhe brigjet per\u00ebndimore rezultojn\u00eb nd\u00ebr zonat m\u00eb t\u00eb ngrohta.<\/p>\n\n\n\n<p>P\u00ebrmbledhja \u00ebsht\u00eb e qart\u00eb: fundjav\u00eb e qet\u00eb dhe me diell, fillim jave me temperatura n\u00eb rritje dhe nj\u00eb rikthim i leht\u00eb i paq\u00ebndrueshm\u00ebris\u00eb nga mesi i jav\u00ebs.<\/p>\n\n\n\n<figure class=\"wp-block-embed is-type-video is-provider-youtube wp-block-embed-youtube wp-embed-aspect-16-9 wp-has-aspect-ratio\"><div class=\"wp-block-embed__wrapper\">\n<div class=\"jeg_video_container jeg_video_content\"><iframe title=\"Parashikimi i motit n\u00eb fundjav\u00eb: Diell dhe mot i fresk\u00ebt\" width=\"500\" height=\"281\" src=\"https:\/\/www.youtube.com\/embed\/fKij6Iyr0JY?feature=oembed\" frameborder=\"0\" allow=\"accelerometer; autoplay; clipboard-write; encrypted-media; gyroscope; picture-in-picture; web-share\" referrerpolicy=\"strict-origin-when-cross-origin\" allowfullscreen><\/iframe><\/div>\n<\/div><\/figure>\n","protected":false},"excerpt":{"rendered":"<p>Fundjava sjell nj\u00eb kthes\u00eb pozitive t\u00eb motit, me diell dominues n\u00eb pjes\u00ebn m\u00eb t\u00eb madhe t\u00eb territorit. Vran\u00ebsirat do t\u00eb jen\u00eb t\u00eb lehta dhe kalimtare, m\u00eb t\u00eb dukshme t\u00eb diel\u00ebn, por pa ndikim serioz n\u00eb kushtet atmosferike. Temperaturat gjat\u00eb fundjav\u00ebs mbeten t\u00eb fresk\u00ebta n\u00eb m\u00ebngjes, me vlera rreth 2\u20133\u00b0C n\u00eb zonat malore, nd\u00ebrsa gjat\u00eb mesdit\u00ebs [&hellip;]<\/p>\n","protected":false},"author":1,"featured_media":35896,"comment_status":"closed","ping_status":"open","sticky":false,"template":"","format":"standard","meta":{"jnews-multi-image_gallery":[],"jnews_single_post":{"format":"standard"},"jnews_primary_category":[],"footnotes":""},"categories":[1],"tags":[],"class_list":["post-36772","post","type-post","status-publish","format-standard","has-post-thumbnail","hentry","category-news"],"_links":{"self":[{"href":"https:\/\/kohanews.al\/index.php?rest_route=\/wp\/v2\/posts\/36772","targetHints":{"allow":["GET"]}}],"collection":[{"href":"https:\/\/kohanews.al\/index.php?rest_route=\/wp\/v2\/posts"}],"about":[{"href":"https:\/\/kohanews.al\/index.php?rest_route=\/wp\/v2\/types\/post"}],"author":[{"embeddable":true,"href":"https:\/\/kohanews.al\/index.php?rest_route=\/wp\/v2\/users\/1"}],"replies":[{"embeddable":true,"href":"https:\/\/kohanews.al\/index.php?rest_route=%2Fwp%2Fv2%2Fcomments&post=36772"}],"version-history":[{"count":1,"href":"https:\/\/kohanews.al\/index.php?rest_route=\/wp\/v2\/posts\/36772\/revisions"}],"predecessor-version":[{"id":36773,"href":"https:\/\/kohanews.al\/index.php?rest_route=\/wp\/v2\/posts\/36772\/revisions\/36773"}],"wp:featuredmedia":[{"embeddable":true,"href":"https:\/\/kohanews.al\/index.php?rest_route=\/wp\/v2\/media\/35896"}],"wp:attachment":[{"href":"https:\/\/kohanews.al\/index.php?rest_route=%2Fwp%2Fv2%2Fmedia&parent=36772"}],"wp:term":[{"taxonomy":"category","embeddable":true,"href":"https:\/\/kohanews.al\/index.php?rest_route=%2Fwp%2Fv2%2Fcategories&post=36772"},{"taxonomy":"post_tag","embeddable":true,"href":"https:\/\/kohanews.al\/index.php?rest_route=%2Fwp%2Fv2%2Ftags&post=36772"}],"curies":[{"name":"wp","href":"https:\/\/api.w.org\/{rel}","templated":true}]}}