{"id":36775,"date":"2026-05-01T20:53:42","date_gmt":"2026-05-01T19:53:42","guid":{"rendered":"https:\/\/kohanews.al\/?p=36775"},"modified":"2026-05-01T20:53:44","modified_gmt":"2026-05-01T19:53:44","slug":"ndihej-e-lodhur-dhe-e-keputur-mjeket-i-thane-se-nuk-ke-gje-por-ja-cfare-zbuloi-me-pas-21-vjecarja","status":"publish","type":"post","link":"https:\/\/kohanews.al\/?p=36775","title":{"rendered":"Ndihej e lodhur dhe e k\u00ebputur, mjek\u00ebt i than\u00eb se nuk ke gj\u00eb, por ja cfar\u00eb zbuloi m\u00eb pas 21-vje\u00e7arja"},"content":{"rendered":"\n<p>Kur Courtney Nettleton, nj\u00eb 21-vje\u00e7are nga Shtetet e Bashkuara ndihej shum\u00eb emlodhur n\u00eb m\u00ebnyr\u00eb t\u00eb pashpjegueshme, dhe flinte 14 or\u00eb \u00e7do dit\u00eb, ajo filloi t\u00eb shqet\u00ebsohej p\u00ebr sh\u00ebndetin e saj.<\/p>\n\n\n\n<p>\u201cMjek\u00ebt m\u00eb than\u00eb se ishte thjesht dembeliz\u00ebm adoleshent\u201d, tha Nettleton. Por pasi koleg\u00ebt vun\u00eb re nj\u00eb gung\u00eb t\u00eb madhe q\u00eb dilte nga qafa e bjondes, nj\u00eb specialist zbuloi shkakun e v\u00ebrtet\u00eb t\u00eb s\u00ebmundjes s\u00eb saj kronike.<\/p>\n\n\n\n<p>\u201cN\u00eb shkurt, u diagnostikova me kancer t\u00eb tiroides dhe mjek\u00ebt m\u00eb than\u00eb se po rritej shpejt\u201d, \u2013 tha ajo. \u201cIsha shum\u00eb e shkat\u00ebrruar dhe e shqet\u00ebsuar\u201d.\u201cUn\u00eb e dija thell\u00eb se di\u00e7ka nuk ishte n\u00eb rregull dhe t\u00eb merrja p\u00ebrgjigjen se ishte thjesht dembeliz\u00ebm adoleshent nga mjek\u00ebt ishte tep\u00ebr zhg\u00ebnjyese,\u201d tha Nettleton.<\/p>\n\n\n\n<p>N\u00eb muajt para se t\u00eb merrte prognoz\u00ebn e saj t\u00eb zymt\u00eb, Nettleton p\u00ebrjetoi nj\u00eb s\u00ebr\u00eb simptomash t\u00eb pazakonta duke p\u00ebrfshir\u00eb lodhjen, gul\u00e7imin, ndjesin\u00eb e nxeht\u00ebsis\u00eb, paq\u00ebndrueshm\u00ebrin\u00eb, ngurt\u00ebsimin e qaf\u00ebs, aknet dhe luhatjet me humorin.<\/p>\n\n\n\n<p>Por ajo pretendon se mjeku i hodhi posht\u00eb ankesat e saj, duke i banalizuar ato si dhimbje n\u00eb rritje t\u00eb lidhura me mosh\u00ebn. Dhe k\u00ebshtu, ajo rifilloi rutin\u00ebn e saj t\u00eb rregullt, duke shkuar n\u00eb pun\u00eb dhe duke u shoq\u00ebruar me miqt\u00eb.<\/p>\n\n\n\n<p>Megjith\u00ebse kishte frik\u00eb se di\u00e7ka nuk shkonte me trupin e saj, Nettleton mori k\u00ebshill\u00ebn e mjekut dhe injoroi simptomat. Megjithat\u00eb, n\u00eb krye t\u00eb vitit, gjith\u00e7ka ndryshoi pasi koleg\u00ebt i vun\u00eb n\u00eb dukje deformimin n\u00eb qaf\u00eb dhe i k\u00ebrkuan t\u00eb merrte nj\u00eb mendim t\u00eb dyt\u00eb.<\/p>\n\n\n\n<p>Mes operacioneve, ajo pretendon se mjek\u00ebt e informuan se nuk kishte m\u00eb kancer.<\/p>\n\n\n\n<p>\u201cPas operacionit tim t\u00eb par\u00eb, mjeku m\u00eb nxori nga spitali dhe m\u00eb tha se isha plot\u00ebsisht pa kancer dhe se nuk kisha asgj\u00eb p\u00ebr t\u2019u shqet\u00ebsuar\u201d, \u2013 kujton ajo.<\/p>\n\n\n\n<p>Por, pasi shijoi nj\u00eb periudh\u00eb t\u00eb shkurt\u00ebr leht\u00ebsimi, Nettleton-it iu tha se m\u00ebsoi s\u00ebrish q\u00eb kishte kancer dhe se qelizat kancerogjene ishin p\u00ebrhapur n\u00eb zona t\u00eb tjera t\u00eb trupit t\u00eb saj. Q\u00eb at\u00ebher\u00eb ajo i \u00ebsht\u00eb n\u00ebnshtruar dy procedurave t\u00eb tjera kirurgjikale, t\u00eb cilat e kan\u00eb l\u00ebn\u00eb at\u00eb t\u00eb ndjehet \u201ce dob\u00ebt\u201d dhe n\u00eb gjendje ankthi.<\/p>\n\n\n\n<p>Ajo gjen ngush\u00ebllim edhe n\u00eb pun\u00eb dhe \u00ebsht\u00eb mir\u00ebnjoh\u00ebse p\u00ebr dashurin\u00eb q\u00eb vazhdon t\u00eb marr\u00eb nga koleg\u00ebt. \u201cT\u00eb gjith\u00eb e njohin trupin e tyre m\u00eb shum\u00eb se kushdo tjet\u00ebr\u201d, tha ajo. \u201c\u00cbsht\u00eb kaq e r\u00ebnd\u00ebsishme t\u2019i besoni ndjesive tuaja dhe t\u00eb ndiqni instinktin tuaj, duhet t\u00eb ngrini z\u00ebrin p\u00ebr veten tuaj kur e dini se di\u00e7ka nuk \u00ebsht\u00eb n\u00eb rregull\u201d.<\/p>\n","protected":false},"excerpt":{"rendered":"<p>Kur Courtney Nettleton, nj\u00eb 21-vje\u00e7are nga Shtetet e Bashkuara ndihej shum\u00eb emlodhur n\u00eb m\u00ebnyr\u00eb t\u00eb pashpjegueshme, dhe flinte 14 or\u00eb \u00e7do dit\u00eb, ajo filloi t\u00eb shqet\u00ebsohej p\u00ebr sh\u00ebndetin e saj. \u201cMjek\u00ebt m\u00eb than\u00eb se ishte thjesht dembeliz\u00ebm adoleshent\u201d, tha Nettleton. Por pasi koleg\u00ebt vun\u00eb re nj\u00eb gung\u00eb t\u00eb madhe q\u00eb dilte nga qafa e bjondes, [&hellip;]<\/p>\n","protected":false},"author":1,"featured_media":36776,"comment_status":"closed","ping_status":"open","sticky":false,"template":"","format":"standard","meta":{"jnews-multi-image_gallery":[],"jnews_single_post":{"format":"standard"},"jnews_primary_category":[],"footnotes":""},"categories":[1],"tags":[],"class_list":["post-36775","post","type-post","status-publish","format-standard","has-post-thumbnail","hentry","category-news"],"_links":{"self":[{"href":"https:\/\/kohanews.al\/index.php?rest_route=\/wp\/v2\/posts\/36775","targetHints":{"allow":["GET"]}}],"collection":[{"href":"https:\/\/kohanews.al\/index.php?rest_route=\/wp\/v2\/posts"}],"about":[{"href":"https:\/\/kohanews.al\/index.php?rest_route=\/wp\/v2\/types\/post"}],"author":[{"embeddable":true,"href":"https:\/\/kohanews.al\/index.php?rest_route=\/wp\/v2\/users\/1"}],"replies":[{"embeddable":true,"href":"https:\/\/kohanews.al\/index.php?rest_route=%2Fwp%2Fv2%2Fcomments&post=36775"}],"version-history":[{"count":1,"href":"https:\/\/kohanews.al\/index.php?rest_route=\/wp\/v2\/posts\/36775\/revisions"}],"predecessor-version":[{"id":36777,"href":"https:\/\/kohanews.al\/index.php?rest_route=\/wp\/v2\/posts\/36775\/revisions\/36777"}],"wp:featuredmedia":[{"embeddable":true,"href":"https:\/\/kohanews.al\/index.php?rest_route=\/wp\/v2\/media\/36776"}],"wp:attachment":[{"href":"https:\/\/kohanews.al\/index.php?rest_route=%2Fwp%2Fv2%2Fmedia&parent=36775"}],"wp:term":[{"taxonomy":"category","embeddable":true,"href":"https:\/\/kohanews.al\/index.php?rest_route=%2Fwp%2Fv2%2Fcategories&post=36775"},{"taxonomy":"post_tag","embeddable":true,"href":"https:\/\/kohanews.al\/index.php?rest_route=%2Fwp%2Fv2%2Ftags&post=36775"}],"curies":[{"name":"wp","href":"https:\/\/api.w.org\/{rel}","templated":true}]}}