{"id":36787,"date":"2026-05-02T09:52:37","date_gmt":"2026-05-02T08:52:37","guid":{"rendered":"https:\/\/kohanews.al\/?p=36787"},"modified":"2026-05-02T09:52:38","modified_gmt":"2026-05-02T08:52:38","slug":"19-vjec-u-dashurova-dhe-me-pas-rrefehet-spartak-ngjela-ja-pse-nuk-u-bera-dot-baba","status":"publish","type":"post","link":"https:\/\/kohanews.al\/?p=36787","title":{"rendered":"\u201c19 vje\u00e7 u dashurova dhe m\u00eb pas..\u201d\/ Rr\u00ebfehet Spartak Ngjela: Ja pse nuk u b\u00ebra dot baba.."},"content":{"rendered":"\n<p>Avokati Spartak Ngjela, i ftuar sot n\u00eb \u201cFtes\u00eb n\u00eb 5\u201d nga Bieta Sulo rr\u00ebfeu jet\u00ebn e tij personale.<\/p>\n\n\n\n<p>Ngjela tha se p\u00ebr her\u00eb t\u00eb par\u00eb \u00ebsht\u00eb dashuruar n\u00eb mosh\u00ebn 19-vje\u00e7are dhe m\u00eb pas nuk ka arritur t\u00eb doj\u00eb nj\u00eb grua tjet\u00ebr.<\/p>\n\n\n\n<p><em>\u201cT\u00eb jemi t\u00eb qart\u00eb, n\u00eb mosh\u00ebn 19-vje\u00e7are jam dashuruar p\u00ebr her\u00eb t\u00eb par\u00eb! Ato t\u00eb tjerat jan\u00eb shp\u00ebrthime erotike, dashuri \u00ebsht\u00eb ajo q\u00eb t\u00eb mban n\u00eb mendim. Dometh\u00ebn\u00eb, kur t\u00eb dashuron dikush, gjith\u00eb dit\u00ebn rri me mendimin tek ai. Vet\u00ebm burri e ka k\u00ebt\u00eb, gruaja s\u2019e ka\u201d<\/em>, tha ai.<\/p>\n\n\n\n<p>Ai u pyet n\u00ebse i ka mbetur peng q\u00eb nuk ka nj\u00eb f\u00ebmij\u00eb, pyetje t\u00eb cil\u00ebs ai iu p\u00ebrgjigj duke th\u00ebn\u00eb se fakti q\u00eb doli nga burgu n\u00eb mosh\u00ebn 40-vje\u00e7are e frik\u00ebsonte dhe mendonte se nga dita n\u00eb dit\u00eb ekzistonte rreziku q\u00eb t\u00eb humbte jet\u00ebn dhe nuk d\u00ebshironte q\u00eb f\u00ebmij\u00ebt e tij t\u00eb mbeteshin jetim\u00eb.<\/p>\n\n\n\n<p><em>\u201cHer\u00eb pas here kam nj\u00eb konflikt t\u00eb brendsh\u00ebm, por kam edhe nj\u00eb \u2018avokat\u2019 brenda vetes. Pse? Sepse isha 40 vje\u00e7 kur dola nga burgu. Nuk ka grua q\u00eb nuk d\u00ebshiron t\u00eb martohet dhe t\u00eb b\u00ebj\u00eb f\u00ebmij\u00eb. Si mund ta b\u00ebja un\u00eb nj\u00eb f\u00ebmij\u00eb, kur do t\u00eb isha t\u00eb pakt\u00ebn 42 vje\u00e7? Nga kjo mosh\u00eb e lart ekziston rreziku q\u00eb mund t\u00eb vdes\u00ebsh n\u00eb \u00e7do moment. A duhej t\u00eb lija nj\u00eb f\u00ebmij\u00eb jetim? E mendova si shkrimtar dhe si humanist\u201d<\/em>, u shpreh Ngjela.<\/p>\n\n\n\n<figure class=\"wp-block-embed is-type-video is-provider-youtube wp-block-embed-youtube wp-embed-aspect-16-9 wp-has-aspect-ratio\"><div class=\"wp-block-embed__wrapper\">\n<div class=\"jeg_video_container jeg_video_content\"><iframe title=\"\u201c Vdiq nga pija, u b\u00eb me kancer\u2026\u201d Spartak Ngjela kujton v\u00ebllain e ndjer\u00eb\u2026 - Ftes\u00eb n\u00eb 5\" width=\"500\" height=\"281\" src=\"https:\/\/www.youtube.com\/embed\/SyEbtTTY8Sk?feature=oembed\" frameborder=\"0\" allow=\"accelerometer; autoplay; clipboard-write; encrypted-media; gyroscope; picture-in-picture; web-share\" referrerpolicy=\"strict-origin-when-cross-origin\" allowfullscreen><\/iframe><\/div>\n<\/div><\/figure>\n\n\n\n<p><\/p>\n","protected":false},"excerpt":{"rendered":"<p>Avokati Spartak Ngjela, i ftuar sot n\u00eb \u201cFtes\u00eb n\u00eb 5\u201d nga Bieta Sulo rr\u00ebfeu jet\u00ebn e tij personale. Ngjela tha se p\u00ebr her\u00eb t\u00eb par\u00eb \u00ebsht\u00eb dashuruar n\u00eb mosh\u00ebn 19-vje\u00e7are dhe m\u00eb pas nuk ka arritur t\u00eb doj\u00eb nj\u00eb grua tjet\u00ebr. \u201cT\u00eb jemi t\u00eb qart\u00eb, n\u00eb mosh\u00ebn 19-vje\u00e7are jam dashuruar p\u00ebr her\u00eb t\u00eb par\u00eb! Ato [&hellip;]<\/p>\n","protected":false},"author":1,"featured_media":36788,"comment_status":"closed","ping_status":"open","sticky":false,"template":"","format":"standard","meta":{"jnews-multi-image_gallery":[],"jnews_single_post":{"format":"standard"},"jnews_primary_category":[],"footnotes":""},"categories":[1],"tags":[],"class_list":["post-36787","post","type-post","status-publish","format-standard","has-post-thumbnail","hentry","category-news"],"_links":{"self":[{"href":"https:\/\/kohanews.al\/index.php?rest_route=\/wp\/v2\/posts\/36787","targetHints":{"allow":["GET"]}}],"collection":[{"href":"https:\/\/kohanews.al\/index.php?rest_route=\/wp\/v2\/posts"}],"about":[{"href":"https:\/\/kohanews.al\/index.php?rest_route=\/wp\/v2\/types\/post"}],"author":[{"embeddable":true,"href":"https:\/\/kohanews.al\/index.php?rest_route=\/wp\/v2\/users\/1"}],"replies":[{"embeddable":true,"href":"https:\/\/kohanews.al\/index.php?rest_route=%2Fwp%2Fv2%2Fcomments&post=36787"}],"version-history":[{"count":1,"href":"https:\/\/kohanews.al\/index.php?rest_route=\/wp\/v2\/posts\/36787\/revisions"}],"predecessor-version":[{"id":36789,"href":"https:\/\/kohanews.al\/index.php?rest_route=\/wp\/v2\/posts\/36787\/revisions\/36789"}],"wp:featuredmedia":[{"embeddable":true,"href":"https:\/\/kohanews.al\/index.php?rest_route=\/wp\/v2\/media\/36788"}],"wp:attachment":[{"href":"https:\/\/kohanews.al\/index.php?rest_route=%2Fwp%2Fv2%2Fmedia&parent=36787"}],"wp:term":[{"taxonomy":"category","embeddable":true,"href":"https:\/\/kohanews.al\/index.php?rest_route=%2Fwp%2Fv2%2Fcategories&post=36787"},{"taxonomy":"post_tag","embeddable":true,"href":"https:\/\/kohanews.al\/index.php?rest_route=%2Fwp%2Fv2%2Ftags&post=36787"}],"curies":[{"name":"wp","href":"https:\/\/api.w.org\/{rel}","templated":true}]}}