{"id":36791,"date":"2026-05-02T10:11:10","date_gmt":"2026-05-02T09:11:10","guid":{"rendered":"https:\/\/kohanews.al\/?p=36791"},"modified":"2026-05-02T10:15:29","modified_gmt":"2026-05-02T09:15:29","slug":"stabilizohet-moti-ja-si-pritet-te-vijoje-maji","status":"publish","type":"post","link":"https:\/\/kohanews.al\/?p=36791","title":{"rendered":"Stabilizohet Moti\u2013 ja si pritet t\u00eb vijoj\u00eb maji"},"content":{"rendered":"\n<p>Temperaturat kan\u00eb p\u00ebsuar nj\u00eb r\u00ebnie t\u00eb fort\u00eb dit\u00ebn e djeshme, me 6\u20137 grad\u00eb m\u00eb pak n\u00eb mesdit\u00eb. Edhe m\u00ebngjesi i sot\u00ebm ka qen\u00eb i fresk\u00ebt, me vlera minimale q\u00eb n\u00eb zonat verilindore kan\u00eb zbritur deri n\u00eb 0\u00b0C. Megjithat\u00eb, gjat\u00eb dit\u00ebs pritet nj\u00eb rritje e leht\u00eb, me maksimumet q\u00eb arrijn\u00eb 22\u201323\u00b0C n\u00eb disa zona t\u00eb vendit.<\/p>\n\n\n\n<p>P\u00ebr fundjav\u00ebn dhe dit\u00ebt n\u00eb vijim, parashikohet nj\u00eb p\u00ebrmir\u00ebsim i m\u00ebtejsh\u00ebm i motit. Temperaturat do t\u00eb rriten gradualisht, duke arritur deri n\u00eb 26\u00b0C gjat\u00eb mesdit\u00ebs. Megjithat\u00eb, m\u00ebngjeset do t\u00eb mbeten t\u00eb fresk\u00ebta, ve\u00e7an\u00ebrisht n\u00eb zonat malore ku minimumet luhaten rreth 4\u20135\u00b0C.<\/p>\n\n\n\n<p>Sipas parashikimeve, pjesa e par\u00eb e muajit maj do t\u00eb karakterizohet nga m\u00eb shum\u00eb dit\u00eb me diell dhe temperatura n\u00eb rritje. Megjithat\u00eb, duke qen\u00eb ende n\u00eb pranver\u00eb, nuk p\u00ebrjashtohen reshje t\u00eb izoluara dhe afatshkurtra, kryesisht n\u00eb veri dhe n\u00eb zonat lindore.<\/p>\n\n\n\n<p>N\u00eb p\u00ebrgjith\u00ebsi, pritet nj\u00eb mot m\u00eb tipik p\u00ebr sezonin, me stabilitet m\u00eb t\u00eb madh dhe rritje graduale t\u00eb temperaturave, nd\u00ebrsa episodet e paq\u00ebndrueshm\u00ebris\u00eb do t\u00eb jen\u00eb t\u00eb shkurtra dhe lokale.<\/p>\n","protected":false},"excerpt":{"rendered":"<p>Temperaturat kan\u00eb p\u00ebsuar nj\u00eb r\u00ebnie t\u00eb fort\u00eb dit\u00ebn e djeshme, me 6\u20137 grad\u00eb m\u00eb pak n\u00eb mesdit\u00eb. Edhe m\u00ebngjesi i sot\u00ebm ka qen\u00eb i fresk\u00ebt, me vlera minimale q\u00eb n\u00eb zonat verilindore kan\u00eb zbritur deri n\u00eb 0\u00b0C. Megjithat\u00eb, gjat\u00eb dit\u00ebs pritet nj\u00eb rritje e leht\u00eb, me maksimumet q\u00eb arrijn\u00eb 22\u201323\u00b0C n\u00eb disa zona t\u00eb vendit. [&hellip;]<\/p>\n","protected":false},"author":1,"featured_media":36792,"comment_status":"closed","ping_status":"open","sticky":false,"template":"","format":"standard","meta":{"jnews-multi-image_gallery":[],"jnews_single_post":{"format":"standard"},"jnews_primary_category":[],"footnotes":""},"categories":[1],"tags":[],"class_list":["post-36791","post","type-post","status-publish","format-standard","has-post-thumbnail","hentry","category-news"],"_links":{"self":[{"href":"https:\/\/kohanews.al\/index.php?rest_route=\/wp\/v2\/posts\/36791","targetHints":{"allow":["GET"]}}],"collection":[{"href":"https:\/\/kohanews.al\/index.php?rest_route=\/wp\/v2\/posts"}],"about":[{"href":"https:\/\/kohanews.al\/index.php?rest_route=\/wp\/v2\/types\/post"}],"author":[{"embeddable":true,"href":"https:\/\/kohanews.al\/index.php?rest_route=\/wp\/v2\/users\/1"}],"replies":[{"embeddable":true,"href":"https:\/\/kohanews.al\/index.php?rest_route=%2Fwp%2Fv2%2Fcomments&post=36791"}],"version-history":[{"count":2,"href":"https:\/\/kohanews.al\/index.php?rest_route=\/wp\/v2\/posts\/36791\/revisions"}],"predecessor-version":[{"id":36794,"href":"https:\/\/kohanews.al\/index.php?rest_route=\/wp\/v2\/posts\/36791\/revisions\/36794"}],"wp:featuredmedia":[{"embeddable":true,"href":"https:\/\/kohanews.al\/index.php?rest_route=\/wp\/v2\/media\/36792"}],"wp:attachment":[{"href":"https:\/\/kohanews.al\/index.php?rest_route=%2Fwp%2Fv2%2Fmedia&parent=36791"}],"wp:term":[{"taxonomy":"category","embeddable":true,"href":"https:\/\/kohanews.al\/index.php?rest_route=%2Fwp%2Fv2%2Fcategories&post=36791"},{"taxonomy":"post_tag","embeddable":true,"href":"https:\/\/kohanews.al\/index.php?rest_route=%2Fwp%2Fv2%2Ftags&post=36791"}],"curies":[{"name":"wp","href":"https:\/\/api.w.org\/{rel}","templated":true}]}}