{"id":39183,"date":"2026-08-30T07:49:47","date_gmt":"2026-08-30T06:49:47","guid":{"rendered":"https:\/\/kohanews.al\/?p=39183"},"modified":"2026-08-30T07:49:48","modified_gmt":"2026-08-30T06:49:48","slug":"termet-i-forte-ne-shqiperi-lekundjet-shkaktojne-panik-te-banoret","status":"publish","type":"post","link":"https:\/\/kohanews.al\/?p=39183","title":{"rendered":"T\u00ebrmet i fort\u00eb n\u00eb Shqip\u00ebri, l\u00ebkundjet shkaktojn\u00eb panik te banor\u00ebt"},"content":{"rendered":"\n<p class=\"wp-block-paragraph\">Nj\u00eb t\u00ebrmet me magnitud\u00eb 4.6 t\u00eb shkall\u00ebs Rihter \u00ebsht\u00eb regjistruar pak pas mesnat\u00ebs n\u00eb jug t\u00eb vendit, me epiqend\u00ebr n\u00eb zon\u00ebn e Gjirokastr\u00ebs.<\/p>\n\n\n\n<p class=\"wp-block-paragraph\">L\u00ebkundjet sizmike jan\u00eb ndjer\u00eb rreth or\u00ebs 00:35, duke shkaktuar shqet\u00ebsim dhe panik te banor\u00ebt, ve\u00e7an\u00ebrisht p\u00ebr shkak t\u00eb orarit kur shumica e qytetar\u00ebve ndodheshin n\u00eb banesat e tyre.<\/p>\n\n\n\n<p class=\"wp-block-paragraph\">Sipas t\u00eb dh\u00ebnave paraprake, l\u00ebkundjet jan\u00eb ndjer\u00eb edhe n\u00eb Sarand\u00eb dhe n\u00eb zona t\u00eb tjera p\u00ebrreth Gjirokastr\u00ebs.<\/p>\n\n\n\n<p class=\"wp-block-paragraph\">Deri n\u00eb k\u00ebto momente, nuk raportohet p\u00ebr persona t\u00eb l\u00ebnduar apo d\u00ebme materiale.<\/p>\n\n\n\n<p class=\"wp-block-paragraph\">Autoritetet vijojn\u00eb monitorimin e situat\u00ebs, nd\u00ebrsa t\u00eb dh\u00ebnat p\u00ebr magnitud\u00ebn dhe epiqendr\u00ebn mund t\u00eb p\u00ebrdit\u00ebsohen pas verifikimeve sizmologjike.<\/p>\n","protected":false},"excerpt":{"rendered":"<p>Nj\u00eb t\u00ebrmet me magnitud\u00eb 4.6 t\u00eb shkall\u00ebs Rihter \u00ebsht\u00eb regjistruar pak pas mesnat\u00ebs n\u00eb jug t\u00eb vendit, me epiqend\u00ebr n\u00eb zon\u00ebn e Gjirokastr\u00ebs. L\u00ebkundjet sizmike jan\u00eb ndjer\u00eb rreth or\u00ebs 00:35, duke shkaktuar shqet\u00ebsim dhe panik te banor\u00ebt, ve\u00e7an\u00ebrisht p\u00ebr shkak t\u00eb orarit kur shumica e qytetar\u00ebve ndodheshin n\u00eb banesat e tyre. Sipas t\u00eb dh\u00ebnave paraprake, [&hellip;]<\/p>\n","protected":false},"author":1,"featured_media":32189,"comment_status":"closed","ping_status":"open","sticky":false,"template":"","format":"standard","meta":{"jnews-multi-image_gallery":[],"jnews_single_post":{"format":"standard"},"jnews_primary_category":[],"footnotes":""},"categories":[1],"tags":[],"class_list":["post-39183","post","type-post","status-publish","format-standard","has-post-thumbnail","hentry","category-news"],"_links":{"self":[{"href":"https:\/\/kohanews.al\/index.php?rest_route=\/wp\/v2\/posts\/39183","targetHints":{"allow":["GET"]}}],"collection":[{"href":"https:\/\/kohanews.al\/index.php?rest_route=\/wp\/v2\/posts"}],"about":[{"href":"https:\/\/kohanews.al\/index.php?rest_route=\/wp\/v2\/types\/post"}],"author":[{"embeddable":true,"href":"https:\/\/kohanews.al\/index.php?rest_route=\/wp\/v2\/users\/1"}],"replies":[{"embeddable":true,"href":"https:\/\/kohanews.al\/index.php?rest_route=%2Fwp%2Fv2%2Fcomments&post=39183"}],"version-history":[{"count":1,"href":"https:\/\/kohanews.al\/index.php?rest_route=\/wp\/v2\/posts\/39183\/revisions"}],"predecessor-version":[{"id":39184,"href":"https:\/\/kohanews.al\/index.php?rest_route=\/wp\/v2\/posts\/39183\/revisions\/39184"}],"wp:featuredmedia":[{"embeddable":true,"href":"https:\/\/kohanews.al\/index.php?rest_route=\/wp\/v2\/media\/32189"}],"wp:attachment":[{"href":"https:\/\/kohanews.al\/index.php?rest_route=%2Fwp%2Fv2%2Fmedia&parent=39183"}],"wp:term":[{"taxonomy":"category","embeddable":true,"href":"https:\/\/kohanews.al\/index.php?rest_route=%2Fwp%2Fv2%2Fcategories&post=39183"},{"taxonomy":"post_tag","embeddable":true,"href":"https:\/\/kohanews.al\/index.php?rest_route=%2Fwp%2Fv2%2Ftags&post=39183"}],"curies":[{"name":"wp","href":"https:\/\/api.w.org\/{rel}","templated":true}]}}