{"id":39189,"date":"2026-08-30T16:36:47","date_gmt":"2026-08-30T15:36:47","guid":{"rendered":"https:\/\/kohanews.al\/?p=39189"},"modified":"2026-08-30T16:36:48","modified_gmt":"2026-08-30T15:36:48","slug":"nuk-e-prisnim-zbulohet-demokrati-qe-do-te-kandidoje-per-bashkine-e-tiranes","status":"publish","type":"post","link":"https:\/\/kohanews.al\/?p=39189","title":{"rendered":"Nuk e prisnim! Zbulohet demokrati q\u00eb do t\u00eb kandidoj\u00eb p\u00ebr Bashkin\u00eb e Tiran\u00ebs"},"content":{"rendered":"\n<p class=\"wp-block-paragraph\">Ish-zyrtari demokrat, Fatbardh Kadilli \u00ebsht\u00eb shprehur i gatsh\u00ebm t\u00eb kandidonte p\u00ebr Bashkin\u00eb Tiran\u00eb, n\u00ebse do t\u00eb merrte nj\u00eb ofert\u00eb nga kampi opozitar, t\u00eb cil\u00ebt koh\u00ebt e fundit jan\u00eb n\u00eb negociata p\u00ebr t\u00eb zgjedhur emrin q\u00eb do t\u00eb rivalizoj\u00eb Ogerta Manastirliu.<\/p>\n\n\n\n<p class=\"wp-block-paragraph\">Gjat\u00eb intervist\u00ebs n\u00eb \u201cA2 CNN\u201d, Kadilli tha se opozit\u00ebs i duhen njer\u00ebz q\u00eb kan\u00eb shfaqur identitet t\u00eb fort\u00eb q\u00eb kan\u00eb shfaqur pavar\u00ebsi nga lideri dhe ndershm\u00ebri.<\/p>\n\n\n\n<p class=\"wp-block-paragraph\">\u201cDo isha i nderuar t\u00eb kisha p\u00ebrgjegj\u00ebsin\u00eb e nj\u00eb sfide t\u00eb till\u00eb p\u00ebr Tiran\u00ebn. Por kjo si \u00e7do gj\u00eb ka nj\u00eb por. A ka nj\u00eb bashkim t\u00eb v\u00ebrtet\u00eb? A ka nj\u00eb reflektim t\u00eb v\u00ebrtet\u00eb? A do arrijm\u00eb t\u00eb bashkojm\u00eb t\u00eb gjith\u00eb spektrin opozitar? N\u00ebse k\u00ebto jan\u00eb t\u00eb mundshme, un\u00eb do isha i nderuar t\u00eb kisha nj\u00eb sfid\u00eb t\u00eb till\u00eb per te kandiduar ne bashkine e Tiranes. Nuk \u00ebsht\u00eb fjala p\u00ebr mua por \u00ebsht\u00eb fjala p\u00ebr t\u00eb gjetur nj\u00eb projekt politik p\u00ebrbashkues. Ne sot kemi nj\u00eb PD n\u00eb degradim n\u00eb opozit\u00eb, kemi disa parti q\u00eb m\u00eb sakt\u00eb jan\u00eb kryetar\u00eb pa parti, kemi edhe nj\u00eb l\u00ebvizje radikale majtas. Duhen njer\u00ebz q\u00eb kan\u00eb shfaqur identitet t\u00eb fort\u00eb, q\u00eb kan\u00eb shfaqur pavar\u00ebsi nga lideri dhe ndershm\u00ebri\u201d, tha mes t\u00eb tjerash Kadilli.<\/p>\n","protected":false},"excerpt":{"rendered":"<p>Ish-zyrtari demokrat, Fatbardh Kadilli \u00ebsht\u00eb shprehur i gatsh\u00ebm t\u00eb kandidonte p\u00ebr Bashkin\u00eb Tiran\u00eb, n\u00ebse do t\u00eb merrte nj\u00eb ofert\u00eb nga kampi opozitar, t\u00eb cil\u00ebt koh\u00ebt e fundit jan\u00eb n\u00eb negociata p\u00ebr t\u00eb zgjedhur emrin q\u00eb do t\u00eb rivalizoj\u00eb Ogerta Manastirliu. Gjat\u00eb intervist\u00ebs n\u00eb \u201cA2 CNN\u201d, Kadilli tha se opozit\u00ebs i duhen njer\u00ebz q\u00eb kan\u00eb shfaqur [&hellip;]<\/p>\n","protected":false},"author":1,"featured_media":39190,"comment_status":"closed","ping_status":"open","sticky":false,"template":"","format":"standard","meta":{"jnews-multi-image_gallery":[],"jnews_single_post":{"format":"standard"},"jnews_primary_category":[],"footnotes":""},"categories":[1],"tags":[],"class_list":["post-39189","post","type-post","status-publish","format-standard","has-post-thumbnail","hentry","category-news"],"_links":{"self":[{"href":"https:\/\/kohanews.al\/index.php?rest_route=\/wp\/v2\/posts\/39189","targetHints":{"allow":["GET"]}}],"collection":[{"href":"https:\/\/kohanews.al\/index.php?rest_route=\/wp\/v2\/posts"}],"about":[{"href":"https:\/\/kohanews.al\/index.php?rest_route=\/wp\/v2\/types\/post"}],"author":[{"embeddable":true,"href":"https:\/\/kohanews.al\/index.php?rest_route=\/wp\/v2\/users\/1"}],"replies":[{"embeddable":true,"href":"https:\/\/kohanews.al\/index.php?rest_route=%2Fwp%2Fv2%2Fcomments&post=39189"}],"version-history":[{"count":1,"href":"https:\/\/kohanews.al\/index.php?rest_route=\/wp\/v2\/posts\/39189\/revisions"}],"predecessor-version":[{"id":39191,"href":"https:\/\/kohanews.al\/index.php?rest_route=\/wp\/v2\/posts\/39189\/revisions\/39191"}],"wp:featuredmedia":[{"embeddable":true,"href":"https:\/\/kohanews.al\/index.php?rest_route=\/wp\/v2\/media\/39190"}],"wp:attachment":[{"href":"https:\/\/kohanews.al\/index.php?rest_route=%2Fwp%2Fv2%2Fmedia&parent=39189"}],"wp:term":[{"taxonomy":"category","embeddable":true,"href":"https:\/\/kohanews.al\/index.php?rest_route=%2Fwp%2Fv2%2Fcategories&post=39189"},{"taxonomy":"post_tag","embeddable":true,"href":"https:\/\/kohanews.al\/index.php?rest_route=%2Fwp%2Fv2%2Ftags&post=39189"}],"curies":[{"name":"wp","href":"https:\/\/api.w.org\/{rel}","templated":true}]}}