{"id":39194,"date":"2026-08-31T10:46:54","date_gmt":"2026-08-31T09:46:54","guid":{"rendered":"https:\/\/kohanews.al\/?p=39194"},"modified":"2026-08-31T10:46:55","modified_gmt":"2026-08-31T09:46:55","slug":"e-trishte-e-reja-shtatezane-humb-jeten-gjate-transportimit-per-ne-tirane","status":"publish","type":"post","link":"https:\/\/kohanews.al\/?p=39194","title":{"rendered":"E trisht\u00eb\/ E reja shtat\u00ebzan\u00eb humb jet\u00ebn gjat\u00eb transportimit p\u00ebr n\u00eb Tiran\u00eb"},"content":{"rendered":"\n<p class=\"wp-block-paragraph\">Nj\u00eb 37-vje\u00e7are, me inicialet M.K., n\u00eb muajin e shtat\u00eb t\u00eb shtatz\u00ebnis\u00eb, \u00ebsht\u00eb paraqitur n\u00eb maternitetin e Pogradecit pas problemeve sh\u00ebndet\u00ebsore.<\/p>\n\n\n\n<p class=\"wp-block-paragraph\">Sipas t\u00eb dh\u00ebnave paraprake, pas konsultave mjek\u00ebsore \u00ebsht\u00eb konstatuar se problemet nuk lidheshin me shtatz\u00ebnin\u00eb, nd\u00ebrsa dyshohet p\u00ebr nj\u00eb problem kirurgjikal, t\u00eb shoq\u00ebruar me hemorragji t\u00eb brendshme.<\/p>\n\n\n\n<p class=\"wp-block-paragraph\">Pas vler\u00ebsimit n\u00eb maternitet, pacientja \u00ebsht\u00eb d\u00ebrguar n\u00eb urgjenc\u00ebn e spitalit t\u00eb Pogradecit dhe m\u00eb pas \u00ebsht\u00eb vendosur transportimi i saj drejt Tiran\u00ebs p\u00ebr trajtim t\u00eb specializuar.<\/p>\n\n\n\n<p class=\"wp-block-paragraph\">Gjat\u00eb rrug\u00ebs drejt kryeqytetit, 37-vje\u00e7arja ka shfaqur komplikacione t\u00eb r\u00ebnda dhe ka nd\u00ebrruar jet\u00eb.<\/p>\n\n\n\n<p class=\"wp-block-paragraph\">Shkaqet e sakta t\u00eb vdekjes pritet t\u00eb p\u00ebrcaktohen pas kryerjes s\u00eb autopsis\u00eb mjeko-ligjore.<\/p>\n","protected":false},"excerpt":{"rendered":"<p>Nj\u00eb 37-vje\u00e7are, me inicialet M.K., n\u00eb muajin e shtat\u00eb t\u00eb shtatz\u00ebnis\u00eb, \u00ebsht\u00eb paraqitur n\u00eb maternitetin e Pogradecit pas problemeve sh\u00ebndet\u00ebsore. Sipas t\u00eb dh\u00ebnave paraprake, pas konsultave mjek\u00ebsore \u00ebsht\u00eb konstatuar se problemet nuk lidheshin me shtatz\u00ebnin\u00eb, nd\u00ebrsa dyshohet p\u00ebr nj\u00eb problem kirurgjikal, t\u00eb shoq\u00ebruar me hemorragji t\u00eb brendshme. Pas vler\u00ebsimit n\u00eb maternitet, pacientja \u00ebsht\u00eb d\u00ebrguar n\u00eb [&hellip;]<\/p>\n","protected":false},"author":1,"featured_media":38162,"comment_status":"closed","ping_status":"open","sticky":false,"template":"","format":"standard","meta":{"jnews-multi-image_gallery":[],"jnews_single_post":{"format":"standard"},"jnews_primary_category":[],"footnotes":""},"categories":[1],"tags":[],"class_list":["post-39194","post","type-post","status-publish","format-standard","has-post-thumbnail","hentry","category-news"],"_links":{"self":[{"href":"https:\/\/kohanews.al\/index.php?rest_route=\/wp\/v2\/posts\/39194","targetHints":{"allow":["GET"]}}],"collection":[{"href":"https:\/\/kohanews.al\/index.php?rest_route=\/wp\/v2\/posts"}],"about":[{"href":"https:\/\/kohanews.al\/index.php?rest_route=\/wp\/v2\/types\/post"}],"author":[{"embeddable":true,"href":"https:\/\/kohanews.al\/index.php?rest_route=\/wp\/v2\/users\/1"}],"replies":[{"embeddable":true,"href":"https:\/\/kohanews.al\/index.php?rest_route=%2Fwp%2Fv2%2Fcomments&post=39194"}],"version-history":[{"count":1,"href":"https:\/\/kohanews.al\/index.php?rest_route=\/wp\/v2\/posts\/39194\/revisions"}],"predecessor-version":[{"id":39195,"href":"https:\/\/kohanews.al\/index.php?rest_route=\/wp\/v2\/posts\/39194\/revisions\/39195"}],"wp:featuredmedia":[{"embeddable":true,"href":"https:\/\/kohanews.al\/index.php?rest_route=\/wp\/v2\/media\/38162"}],"wp:attachment":[{"href":"https:\/\/kohanews.al\/index.php?rest_route=%2Fwp%2Fv2%2Fmedia&parent=39194"}],"wp:term":[{"taxonomy":"category","embeddable":true,"href":"https:\/\/kohanews.al\/index.php?rest_route=%2Fwp%2Fv2%2Fcategories&post=39194"},{"taxonomy":"post_tag","embeddable":true,"href":"https:\/\/kohanews.al\/index.php?rest_route=%2Fwp%2Fv2%2Ftags&post=39194"}],"curies":[{"name":"wp","href":"https:\/\/api.w.org\/{rel}","templated":true}]}}