{"id":39196,"date":"2026-08-31T14:05:31","date_gmt":"2026-08-31T13:05:31","guid":{"rendered":"https:\/\/kohanews.al\/?p=39196"},"modified":"2026-08-31T14:05:32","modified_gmt":"2026-08-31T13:05:32","slug":"burri-i-iku-ne-shba-3-dite-me-pare-e-reja-shtatzene-nderroi-jete-rruges-per-ne-tirane-motra-mes-lotesh-na-vonuan","status":"publish","type":"post","link":"https:\/\/kohanews.al\/?p=39196","title":{"rendered":"\u201cBurri i iku n\u00eb SHBA 3 dit\u00eb m\u00eb par\u00eb\u201d\/ E reja shtatz\u00ebn\u00eb nd\u00ebrroi jet\u00eb rrug\u00ebs p\u00ebr n\u00eb Tiran\u00eb, motra mes lot\u00ebsh: Na vonuan.."},"content":{"rendered":"\n<p class=\"wp-block-paragraph\">Nj\u00eb ngjarje e r\u00ebnd\u00eb ka tronditur Pogradecin, ku nj\u00eb 37-vje\u00e7are shtatz\u00ebn\u00eb, Marjana Karolina Bunaj, ka humbur jet\u00ebn teksa po transportohej drejt Tiran\u00ebs p\u00ebr ndihm\u00eb t\u00eb specializuar mjek\u00ebsore. Familjar\u00ebt ngren\u00eb pik\u00ebpyetje p\u00ebr m\u00ebnyr\u00ebn se si \u00ebsht\u00eb menaxhuar situata n\u00eb maternitetin e Pogradecit dhe k\u00ebrkojn\u00eb zbardhjen e plot\u00eb t\u00eb rrethanave.<\/p>\n\n\n\n<p class=\"wp-block-paragraph\">Motra e t\u00eb ndjer\u00ebs, Albina Mekolli, e cila e ka shoq\u00ebruar Marjan\u00ebn gjat\u00eb gjith\u00eb q\u00ebndrimit n\u00eb maternitet, ka rr\u00ebfyer p\u00ebr gazetarin Osman Stafa mes lot\u00ebsh momentet e v\u00ebshtira q\u00eb paraprin\u00eb humbjen e saj.<\/p>\n\n\n\n<p class=\"wp-block-paragraph\">Sipas saj, gjith\u00e7ka nisi rreth mesdit\u00ebs, kur 37-vje\u00e7arja e telefonoi duke i th\u00ebn\u00eb se kishte dhimbje t\u00eb forta n\u00eb bark.<\/p>\n\n\n\n<p class=\"wp-block-paragraph\">\u201cN\u00eb or\u00ebn 12 m\u00eb merr n\u00eb telefon dhe m\u00eb tha: Eja se kam dhimbje t\u00eb forta barku. Shkova shum\u00eb shpejt sepse jemi af\u00ebr. E \u00e7ova n\u00eb maternitet sepse ishte shtatz\u00ebn\u00eb. Mjekja roje i b\u00ebri nj\u00eb vizit\u00eb, nj\u00eb eko dhe tha se ka nj\u00eb gjakderdhje t\u00eb brendshme\u201d, rr\u00ebfeu Albina.<\/p>\n\n\n\n<p class=\"wp-block-paragraph\">Pas konstatimit t\u00eb gjendjes s\u00eb r\u00ebnduar, familjar\u00ebt u njoftuan se 37-vje\u00e7arja duhej t\u00eb transportohej drejt Tiran\u00ebs. Sipas motr\u00ebs, gjat\u00eb k\u00ebsaj kohe u diskutua edhe mund\u00ebsia e transportit me helikopter, por kjo nuk u realizua.<\/p>\n\n\n\n<p class=\"wp-block-paragraph\">\u201cD\u00ebgjova q\u00eb po thonin helikopterin, por u shpreh\u00ebn se nuk vjen dot sepse \u00ebsht\u00eb nat\u00eb\u201d, tregoi ajo.<\/p>\n\n\n\n<p class=\"wp-block-paragraph\">M\u00eb tej, sipas d\u00ebshmis\u00eb s\u00eb saj, Marjana u d\u00ebrgua te reanimacioni, nd\u00ebrsa familjar\u00ebt pretendojn\u00eb se pati vonesa p\u00ebrpara nisjes me ambulanc\u00eb drejt Tiran\u00ebs.<\/p>\n\n\n\n<p class=\"wp-block-paragraph\">\u201cMjekja foli me dik\u00eb dhe erdh\u00ebn mjek\u00ebt e reanimacionit, e d\u00ebrguan atje dhe pati vonesa. Me ambulanc\u00eb e nis\u00ebn pas or\u00ebs 4 t\u00eb m\u00ebngjesit. N\u00eb Pogradec nuk iu b\u00eb asnj\u00eb nd\u00ebrhyrje kirurgjikale. N\u00eb tre or\u00eb i vun\u00eb vigon\u00eb p\u00ebr serume dhe gjak\u201d, deklaroi Albina.<\/p>\n\n\n\n<p class=\"wp-block-paragraph\">Ajo beson se nj\u00eb nd\u00ebrhyrje apo transport m\u00eb i shpejt\u00eb mund t\u00eb kishte ndryshuar fatin e motr\u00ebs s\u00eb saj.<\/p>\n\n\n\n<p class=\"wp-block-paragraph\">\u201cN\u00ebse do t\u00eb ishim nisur pak m\u00eb par\u00eb, do t\u00eb m\u00eb kishte shp\u00ebtuar motra t\u00eb pakt\u00ebn, sepse mbase f\u00ebmija nuk do t\u00eb kishte shp\u00ebtuar. Mbase n\u00ebse arrinim m\u00eb her\u00ebt n\u00eb Tiran\u00eb do t\u00eb shp\u00ebtonte\u201d, tha ajo.<\/p>\n\n\n\n<p class=\"wp-block-paragraph\">Familjar\u00ebt kan\u00eb k\u00ebrkuar hetim t\u00eb plot\u00eb p\u00ebr t\u00eb p\u00ebrcaktuar n\u00ebse vonesat kan\u00eb ndikuar n\u00eb p\u00ebrkeq\u00ebsimin e gjendjes s\u00eb 37-vje\u00e7ares dhe n\u00eb humbjen e jet\u00ebs s\u00eb saj.<\/p>\n\n\n\n<p class=\"wp-block-paragraph\">\u201cK\u00ebrkoj drejt\u00ebsi, t\u00eb zbardhet e v\u00ebrteta, a nd\u00ebrroi jet\u00eb nga pakujdesia apo jo. Un\u00eb besoj q\u00eb n\u00ebse do t\u00eb kishte m\u00eb shum\u00eb shpejt\u00ebsi, sot do t\u00eb ishte mes nesh\u201d, u shpreh motra e Marjana Karolina Bunajt.<\/p>\n\n\n\n<p class=\"wp-block-paragraph\">Sipas familjar\u00ebve, bashk\u00ebshorti i 37-vje\u00e7ares ishte larguar drejt Shteteve t\u00eb Bashkuara t\u00eb Amerik\u00ebs vet\u00ebm tre dit\u00eb para ngjarjes, me synimin p\u00ebr t\u00eb realizuar bashkimin familjar. F\u00ebmija q\u00eb Marjana priste ishte i pari p\u00ebr \u00e7iftin.<\/p>\n","protected":false},"excerpt":{"rendered":"<p>Nj\u00eb ngjarje e r\u00ebnd\u00eb ka tronditur Pogradecin, ku nj\u00eb 37-vje\u00e7are shtatz\u00ebn\u00eb, Marjana Karolina Bunaj, ka humbur jet\u00ebn teksa po transportohej drejt Tiran\u00ebs p\u00ebr ndihm\u00eb t\u00eb specializuar mjek\u00ebsore. Familjar\u00ebt ngren\u00eb pik\u00ebpyetje p\u00ebr m\u00ebnyr\u00ebn se si \u00ebsht\u00eb menaxhuar situata n\u00eb maternitetin e Pogradecit dhe k\u00ebrkojn\u00eb zbardhjen e plot\u00eb t\u00eb rrethanave. Motra e t\u00eb ndjer\u00ebs, Albina Mekolli, e [&hellip;]<\/p>\n","protected":false},"author":1,"featured_media":39197,"comment_status":"closed","ping_status":"open","sticky":false,"template":"","format":"standard","meta":{"jnews-multi-image_gallery":[],"jnews_single_post":{"format":"standard"},"jnews_primary_category":[],"footnotes":""},"categories":[1],"tags":[],"class_list":["post-39196","post","type-post","status-publish","format-standard","has-post-thumbnail","hentry","category-news"],"_links":{"self":[{"href":"https:\/\/kohanews.al\/index.php?rest_route=\/wp\/v2\/posts\/39196","targetHints":{"allow":["GET"]}}],"collection":[{"href":"https:\/\/kohanews.al\/index.php?rest_route=\/wp\/v2\/posts"}],"about":[{"href":"https:\/\/kohanews.al\/index.php?rest_route=\/wp\/v2\/types\/post"}],"author":[{"embeddable":true,"href":"https:\/\/kohanews.al\/index.php?rest_route=\/wp\/v2\/users\/1"}],"replies":[{"embeddable":true,"href":"https:\/\/kohanews.al\/index.php?rest_route=%2Fwp%2Fv2%2Fcomments&post=39196"}],"version-history":[{"count":1,"href":"https:\/\/kohanews.al\/index.php?rest_route=\/wp\/v2\/posts\/39196\/revisions"}],"predecessor-version":[{"id":39198,"href":"https:\/\/kohanews.al\/index.php?rest_route=\/wp\/v2\/posts\/39196\/revisions\/39198"}],"wp:featuredmedia":[{"embeddable":true,"href":"https:\/\/kohanews.al\/index.php?rest_route=\/wp\/v2\/media\/39197"}],"wp:attachment":[{"href":"https:\/\/kohanews.al\/index.php?rest_route=%2Fwp%2Fv2%2Fmedia&parent=39196"}],"wp:term":[{"taxonomy":"category","embeddable":true,"href":"https:\/\/kohanews.al\/index.php?rest_route=%2Fwp%2Fv2%2Fcategories&post=39196"},{"taxonomy":"post_tag","embeddable":true,"href":"https:\/\/kohanews.al\/index.php?rest_route=%2Fwp%2Fv2%2Ftags&post=39196"}],"curies":[{"name":"wp","href":"https:\/\/api.w.org\/{rel}","templated":true}]}}